{"id":1007,"date":"2018-02-12T12:30:51","date_gmt":"2018-02-12T11:30:51","guid":{"rendered":"http:\/\/test.kramerdesign.net\/?p=1007"},"modified":"2018-02-12T12:45:15","modified_gmt":"2018-02-12T11:45:15","slug":"madeby-schaufenster-fuer-ideen","status":"publish","type":"post","link":"https:\/\/kramer-produkt-design.de\/?p=1007","title":{"rendered":"\u201eMadeby\u201c: Schaufenster f\u00fcr Ideen"},"content":{"rendered":"<p><a href=\"https:\/\/www.kreiszeitung.de\/lokales\/bremen\/madeby-bremen-will-erfinder-unternehmen-zusammenbringen-urheber-absichern-9602656.html\" target=\"_blank\" rel=\"noopener\">www.kreiszeitung.de<\/a><\/p>\n<h3>Plattform f\u00fcr Erfinder und Unternehmen<\/h3>\n<h5 class=\"id-Article-content-item id-Article-content-item-summary\">Bremen &#8211; Von Viviane Reineking. Eine neue Internetplattform soll Ideengeber aus der Hochschule f\u00fcr K\u00fcnste (HfK) und Unternehmen zusammenbringen \u2013 und dabei Urheber sch\u00fctzen. Das ist das Ziel von \u201eMadeby\u201c, einem Angebot der HfK und der Bremer Patentagentur \u201eInnowi\u201c. \u201eMikrowellen-Origami\u201c, \u201eLeuchtholz\u201c und eine vielseitige \u201eBuchstabenbox\u201c: Design-Interessierten bietet die Internetseite au\u00dferdem spannende Einblicke in das kreative Schaffen von HfK-Angeh\u00f6rigen.<\/h5>\n<div class=\"p402_premium\"><\/div>\n<div class=\"p402_hide\">\n<p class=\"id-Article-content-item id-Article-content-item--first\">Die Ideen, die in der HfK entstehen, sollen sich verbreiten, hei\u00dft es in einer Mitteilung der Hochschule. \u201eDoch sind gute Ideen in der Welt, k\u00f6nnen sie auch leicht kopiert werden \u2013 zum Schaden ihrer Urheber\u201c, so Sprecherin Theresa Albig.<\/p>\n<p class=\"id-Article-content-item\">\u201eMadeby\u201c will dieses Spannungsfeld l\u00f6sen: Die Plattform bietet HfK-Angeh\u00f6rigen nicht nur die M\u00f6glichkeit, Ideen, Konzepte und Projekte zu pr\u00e4sentieren, sondern auch, sie durch ein besonderes Verfahren zu sch\u00fctzen, so die Sprecherin. Au\u00dferdem sei sie Informationsplattform f\u00fcr Unternehmen auf der Suche nach neuen Trends.<\/p>\n<p class=\"id-Article-content-item\">\u201eIn unseren Lehrveranstaltungen entstehen immer wieder gro\u00dfartige Erfindungen, die f\u00fcr Unternehmen von Interesse sind. Anderseits gab es auch schon F\u00e4lle, bei denen die Urheberschaft im Nachhinein nicht klar war\u201c, so <a href=\"https:\/\/kramer-produkt-design.de\/?page_id=50\" target=\"_blank\" rel=\"noopener\">Andreas Kramer<\/a>, HfK-Professor f\u00fcr Produktdesign\/CAD. Um Abhilfe zu leisten, sei \u201eMadeby\u201c entstanden: \u201eHier k\u00f6nnen Urheber leicht ausfindig gemacht und kontaktiert werden\u201c, so <a href=\"https:\/\/kramer-produkt-design.de\/?page_id=50\" target=\"_blank\" rel=\"noopener\">Kramer<\/a>.<\/p>\n<p class=\"id-Article-content-item\">Wie die HfK weiter mitteilt, liegt der Plattform das sogenannte \u201enicht eingetragene europ\u00e4ische Gemeinschaftsgeschmacksmuster\u201c zugrunde. Im Gegensatz zum eingetragenen Geschmacksmuster f\u00fcr Europa oder dem in Deutschland m\u00f6glichen Designschutz \u2013 beides kostenpflichtige Methoden zum Schutz geistigen Eigentums \u2013 entstehe ein Schutzrecht durch das \u201enicht eingetragene europ\u00e4ische Gemeinschaftsgeschmacksmuster\u201c bereits durch eine Fachver\u00f6ffentlichung von Designs \u2013 in diesem Fall durch die Dokumentation auf \u201eMadeby\u201c.<\/p>\n<p class=\"id-Article-content-item\">Ideengeber k\u00f6nnen hier Projekte eintragen und direkt von der Patentagentur pr\u00fcfen und ver\u00f6ffentlichen lassen. \u201eInnowi\u201c entwickelt, sichert und vermarktet die Erfindungen von 13 Universit\u00e4ten und Forschungseinrichtungen in Bremen und Niedersachsen. \u201eMit der Ver\u00f6ffentlichung ist die Idee rechtssicher dokumentiert, sodass im Zweifelsfall ein belastbarer Beweis des Zeitpunkts der Ver\u00f6ffentlichung vorliegt\u201c, so Albig.<\/p>\n<h3 class=\"id-Article-content-item id-Article-content-item-headline\">Faire Art der Zusammenarbeit<\/h3>\n<p class=\"id-Article-content-item\">Ziel sei es, Studenten und Dozenten als Ideengeber mit Auftraggebern, Unternehmen oder Kooperationspartnern zusammenzubringen \u2013 \u201eund dies auf eine f\u00fcr beide Seiten faire Weise\u201c, so <a href=\"https:\/\/kramer-produkt-design.de\/?page_id=50\" target=\"_blank\" rel=\"noopener\">Kramer<\/a>, der die Plattform mit der Hochschullehrerin Bettina Pelz und Innowi-Gesch\u00e4ftsf\u00fchrer Jens Hoheisel ins Leben gerufen hat.<\/p>\n<p class=\"id-Article-content-item\">Als \u201eSchaufenster der Bremer Ideen\u201c pr\u00e4sentiert die Plattform Projekte aus unterschiedlichen Bereichen \u2013 vom Modedesign \u00fcber Haushaltsgegenst\u00e4nde und M\u00f6bel bis hin zu Entwicklungen im musikalischen Bereich. Zu sehen ist etwa die Idee von Marko Kagioglidis, eine stylische Verpackung f\u00fcr Mikrowellen-Popcorn. Beginnt der Mais aufzupoppen, f\u00e4ngt ein \u201eOrigami-Zylinder\u201c an, sich \u201eaufzudrehen\u201c, zu \u00f6ffnen.<\/p>\n<p class=\"id-Article-content-item\">Silja Ueckermanns \u201eBuchstabenbox\u201c besteht aus 26 unterschiedlichen Baukl\u00f6tzen in Buchstabenform. Zum \u201eBaukl\u00f6tze-Staunen, -Bauen und spielerischen Erlernen der Buchstaben\u201c, wie es in der Beschreibung hei\u00dft. Und Fiona W\u00f6rdehoff hat ein \u201egeschlechtsneutrales Kleidungsst\u00fcck\u201c entworfen, \u201evielseitig kombinierbar, nicht auf eine Geschlechtergruppe beschr\u00e4nkt und durch die raffinierte Verarbeitung schlicht aber im Detail spannend\u201c.<\/p>\n<p class=\"id-Article-content-item\"><a class=\"id_link\" title=\"www.madeby.hfk-bremen.de\" href=\"http:\/\/www.madeby.hfk-bremen.de\" target=\"_blank\" rel=\"nofollow noopener\">www.madeby.hfk-bremen.de<\/a><\/p>\n<\/div>\n","protected":false},"excerpt":{"rendered":"<p>www.kreiszeitung.de Plattform f\u00fcr Erfinder und Unternehmen Bremen &#8211; Von Viviane Reineking. Eine neue Internetplattform soll Ideengeber aus der Hochschule f\u00fcr K\u00fcnste (HfK) und Unternehmen zusammenbringen \u2013 und dabei&#8230;<\/p>\n","protected":false},"author":1,"featured_media":1014,"comment_status":"closed","ping_status":"closed","sticky":false,"template":"","format":"standard","meta":{"footnotes":""},"categories":[10],"tags":[101,100],"class_list":["post-1007","post","type-post","status-publish","format-standard","has-post-thumbnail","hentry","category-presse","tag-hfk-bremen","tag-madeby"],"_links":{"self":[{"href":"https:\/\/kramer-produkt-design.de\/index.php?rest_route=\/wp\/v2\/posts\/1007","targetHints":{"allow":["GET"]}}],"collection":[{"href":"https:\/\/kramer-produkt-design.de\/index.php?rest_route=\/wp\/v2\/posts"}],"about":[{"href":"https:\/\/kramer-produkt-design.de\/index.php?rest_route=\/wp\/v2\/types\/post"}],"author":[{"embeddable":true,"href":"https:\/\/kramer-produkt-design.de\/index.php?rest_route=\/wp\/v2\/users\/1"}],"replies":[{"embeddable":true,"href":"https:\/\/kramer-produkt-design.de\/index.php?rest_route=%2Fwp%2Fv2%2Fcomments&post=1007"}],"version-history":[{"count":2,"href":"https:\/\/kramer-produkt-design.de\/index.php?rest_route=\/wp\/v2\/posts\/1007\/revisions"}],"predecessor-version":[{"id":1018,"href":"https:\/\/kramer-produkt-design.de\/index.php?rest_route=\/wp\/v2\/posts\/1007\/revisions\/1018"}],"wp:featuredmedia":[{"embeddable":true,"href":"https:\/\/kramer-produkt-design.de\/index.php?rest_route=\/wp\/v2\/media\/1014"}],"wp:attachment":[{"href":"https:\/\/kramer-produkt-design.de\/index.php?rest_route=%2Fwp%2Fv2%2Fmedia&parent=1007"}],"wp:term":[{"taxonomy":"category","embeddable":true,"href":"https:\/\/kramer-produkt-design.de\/index.php?rest_route=%2Fwp%2Fv2%2Fcategories&post=1007"},{"taxonomy":"post_tag","embeddable":true,"href":"https:\/\/kramer-produkt-design.de\/index.php?rest_route=%2Fwp%2Fv2%2Ftags&post=1007"}],"curies":[{"name":"wp","href":"https:\/\/api.w.org\/{rel}","templated":true}]}}