{"id":1012,"date":"2018-02-12T12:38:55","date_gmt":"2018-02-12T11:38:55","guid":{"rendered":"http:\/\/test.kramerdesign.net\/?p=1012"},"modified":"2023-01-11T08:07:52","modified_gmt":"2023-01-11T07:07:52","slug":"madeby-hfk-bremen","status":"publish","type":"post","link":"https:\/\/kramer-produkt-design.de\/?p=1012","title":{"rendered":"&#8222;madeby&#8220; HfK Bremen"},"content":{"rendered":"<div>\n<div class=\"displayDate\">Donnerstag, 08.02.2018, 14:47<\/div>\n<div><a href=\"https:\/\/www.focus.de\/regional\/bremen\/hochschule-fuer-kuenste-bremen-madeby-hfk-bremen_id_8438129.html\" target=\"_blank\" rel=\"noopener\">Focus online<\/a><\/div>\n<h4><\/h4>\n<h4>Neue Plattform soll Ideengeber aus der HfK Bremen und Unternehmen zusammenbringen &#8211; und dabei Urheber sch\u00fctzen.<\/h4>\n<div class=\"textBlock\">\n<p>Hunderte Ideen vor den Augen tausender Besucher &#8211; die am Wochenende stattfindenden Hochschultage der HfK Bremen sind ein idealer Anlass f\u00fcr Studierende und Lehrende, ihre Arbeiten einem gro\u00dfen Publikum zu zeigen. \u00d6ffentlichkeit, Feedback und Austausch sind ausdr\u00fccklich erw\u00fcnscht &#8211; die Ideen, die in der HfK Bremen entstehen, sollen sich verbreiten.<\/p>\n<p>Doch sind gute Ideen in der Welt, k\u00f6nnen sie auch leicht kopiert werden &#8211; zum Schaden ihrer Urheberinnen und Urheber.<\/p>\n<p>madeby &#8211; Ideenschutz und Schaufenster<\/p>\n<p>madeby , eine Online-Plattform der Hochschule f\u00fcr K\u00fcnste Bremen und der Bremer Patentagentur InnoWi, l\u00f6st dieses Spannungsfeld: Sie bietet HfK-Angeh\u00f6rigen nicht nur die M\u00f6glichkeit, Ideen, Konzepte und Projekte werbewirksam zu pr\u00e4sentieren, sondern auch, sie durch ein besonderes Verfahren zu sch\u00fctzen. Obendrein ist sie Informationsplattform und Schaufenster f\u00fcr Unternehmen auf der Suche nach neuen Trends.<\/p>\n<p>&#8222;In unseren Lehrveranstaltungen entstehen immer wieder gro\u00dfartige Erfindungen, die f\u00fcr Unternehmen von Interesse sind &#8211; was uns sehr freut. Anderseits gab es auch schon F\u00e4lle, bei denen die Urheberschaft im Nachhinein nicht klar war. Damit dies nicht geschieht, haben wir madeby ins Leben gerufen. Hier k\u00f6nnen Urheber leicht ausfindig gemacht und kontaktiert werden&#8220;, erkl\u00e4rt <a href=\"https:\/\/kramer-produkt-design.de\/?page_id=50\" target=\"_blank\" rel=\"noopener\">Andreas Kramer<\/a>, HfK-Professor f\u00fcr Produktdesign\/CAD.<\/p>\n<p>Europaweiter Schutz durch Dokumentation<\/p>\n<p>Der Plattform zugrunde liegt das sogenannte nicht eingetragene <a class=\"uc\" title=\"Mehr zu europ\u00e4ische\" href=\"https:\/\/www.focus.de\/orte\/europa\/\">europ\u00e4ische<\/a> Gemeinschaftsgeschmacksmuster. Im Gegensatz zum eingetragenen Geschmacksmuster f\u00fcr Europa oder dem in Deutschland m\u00f6glichen Designschutz &#8211; beides kostenpflichtige Methoden zum Schutz geistigen Eigentums &#8211; entsteht ein Schutzrecht durch das nicht eingetragene europ\u00e4ische Gemeinschaftsgeschmacksmuster bereits durch eine Fachver\u00f6ffentlichung von Designs &#8211; in diesem Fall durch die Dokumentation auf madeby. Dies nutzt das neue Angebot f\u00fcr HfK-Angeh\u00f6rige:<\/p>\n<p>madeby bietet die M\u00f6glichkeit, Projekte einzutragen und direkt von der Patentagentur InnoWi pr\u00fcfen und ver\u00f6ffentlichen zu lassen. InnoWi entwickelt, sichert und vermarktet die Erfindungen von insgesamt 13 Universit\u00e4ten und Forschungseinrichtungen in Bremen und Niedersachsen. Mit der Ver\u00f6ffentlichung ist die Idee rechtssicher dokumentiert, so dass im Zweifelsfall ein belastbarer Beweis des Zeitpunkts der Ver\u00f6ffentlichung vorliegt.<\/p>\n<p>Ideengeber und Unternehmen zusammenbringen<\/p>\n<p>&#8222;Unser Ziel ist es, Studierende und Lehrende als Ideengeber mit Auftraggebern, Unternehmen oder Kooperationspartnern zusammenzubringen &#8211; und dies auf eine f\u00fcr beide Seiten faire Weise&#8220;, sagt <a href=\"https:\/\/kramer-produkt-design.de\/?page_id=50\" target=\"_blank\" rel=\"noopener\">HfK-Prof. Andreas Kramer<\/a>, der die Plattform mit der Hochschullehrerin Bettina Pelz und Jens Hoheisel, Gesch\u00e4ftsf\u00fchrer der InnoWi, initiiert hat.<\/p>\n<p>Als &#8222;Schaufenster der Bremer Ideen&#8220; pr\u00e4sentiert madeby Projekte aus unterschiedlichen Bereichen &#8211; vom Modedesign \u00fcber Haushaltsgegenst\u00e4nde, M\u00f6bel, Computerspiele, elektronische Ger\u00e4te bis hin zu neuen Technologien oder Entwicklungen im musikalischen Bereich. &#8222;Wir erhoffen uns viele Anfragen von Unternehmen und Institutionen und insgesamt, die HfK Bremen noch st\u00e4rker als Ideengeber f\u00fcr die Industrie zu etablieren&#8220;, sagt <a href=\"https:\/\/kramer-produkt-design.de\/?page_id=50\" target=\"_blank\" rel=\"noopener\">Andreas Kramer<\/a>.<\/p>\n<p>Technologietransfer st\u00e4rken<\/p>\n<p>Um diese Zusammenarbeit zu f\u00f6rdern, hat der Senator f\u00fcr Wirtschaft, Arbeit und H\u00e4fen die Realisierung von madeby im Rahmen der St\u00e4rkung des Wissens-und Technologietransfers erm\u00f6glicht, wie Ekkehart Siering, Staatsrat beim Ressort und zust\u00e4ndig f\u00fcr die Abteilungen Wirtschaft, Arbeit, Innovationen und Gewerbe erkl\u00e4rt: &#8222;Die Bremer Kreativwirtschaft &#8211; die ja in der Studierendenschaft ihren Nachwuchs findet &#8211; tr\u00e4gt sehr dazu bei, Innovationen in Industrie und Handel anzusto\u00dfen. Diesen Technologietransfer zwischen Kreativen und der Industrie wollen wir st\u00e4rken. Kreative Ideen zu sch\u00fctzen und der \u00d6ffentlichkeit bekannt zu machen ist daf\u00fcr ein wichtiger Schritt.&#8220;<\/p>\n<\/div>\n<p><a href=\"http:\/\/www.madeby.hfk-bremen.de\" target=\"_blank\" rel=\"noopener\">www.madeby.hfk-bremen.de<\/a><\/p>\n<\/div>\n","protected":false},"excerpt":{"rendered":"<p>Donnerstag, 08.02.2018, 14:47 Focus online Neue Plattform soll Ideengeber aus der HfK Bremen und Unternehmen zusammenbringen &#8211; und dabei Urheber sch\u00fctzen. Hunderte Ideen vor den Augen tausender Besucher&#8230;<\/p>\n","protected":false},"author":1,"featured_media":1015,"comment_status":"closed","ping_status":"closed","sticky":false,"template":"","format":"standard","meta":{"footnotes":""},"categories":[8,10],"tags":[],"class_list":["post-1012","post","type-post","status-publish","format-standard","has-post-thumbnail","hentry","category-blog","category-presse"],"_links":{"self":[{"href":"https:\/\/kramer-produkt-design.de\/index.php?rest_route=\/wp\/v2\/posts\/1012","targetHints":{"allow":["GET"]}}],"collection":[{"href":"https:\/\/kramer-produkt-design.de\/index.php?rest_route=\/wp\/v2\/posts"}],"about":[{"href":"https:\/\/kramer-produkt-design.de\/index.php?rest_route=\/wp\/v2\/types\/post"}],"author":[{"embeddable":true,"href":"https:\/\/kramer-produkt-design.de\/index.php?rest_route=\/wp\/v2\/users\/1"}],"replies":[{"embeddable":true,"href":"https:\/\/kramer-produkt-design.de\/index.php?rest_route=%2Fwp%2Fv2%2Fcomments&post=1012"}],"version-history":[{"count":2,"href":"https:\/\/kramer-produkt-design.de\/index.php?rest_route=\/wp\/v2\/posts\/1012\/revisions"}],"predecessor-version":[{"id":1017,"href":"https:\/\/kramer-produkt-design.de\/index.php?rest_route=\/wp\/v2\/posts\/1012\/revisions\/1017"}],"wp:featuredmedia":[{"embeddable":true,"href":"https:\/\/kramer-produkt-design.de\/index.php?rest_route=\/wp\/v2\/media\/1015"}],"wp:attachment":[{"href":"https:\/\/kramer-produkt-design.de\/index.php?rest_route=%2Fwp%2Fv2%2Fmedia&parent=1012"}],"wp:term":[{"taxonomy":"category","embeddable":true,"href":"https:\/\/kramer-produkt-design.de\/index.php?rest_route=%2Fwp%2Fv2%2Fcategories&post=1012"},{"taxonomy":"post_tag","embeddable":true,"href":"https:\/\/kramer-produkt-design.de\/index.php?rest_route=%2Fwp%2Fv2%2Ftags&post=1012"}],"curies":[{"name":"wp","href":"https:\/\/api.w.org\/{rel}","templated":true}]}}