{"id":323,"date":"2014-12-29T16:39:40","date_gmt":"2014-12-29T16:39:40","guid":{"rendered":"http:\/\/test.kramerdesign.net\/?p=323"},"modified":"2017-12-29T17:08:09","modified_gmt":"2017-12-29T17:08:09","slug":"kaminofen-vispa","status":"publish","type":"post","link":"https:\/\/kramer-produkt-design.de\/?p=323","title":{"rendered":"Kaminofen VISPA"},"content":{"rendered":"<p>\u201cEr besticht durch seine geschmeidige Form und die extrem schlanke Linie. Leicht konkav, also seitlich nach innen gebogen, bildet er eine unverwechselbare Silhouette und erinnert dabei an die Taille einer wundersch\u00f6nen Frau. Der VISPA ist komplett aus Guss gearbeitet und verf\u00fcgt \u00fcber ein sehr feuriges Temperament.\u201d<\/p>\n\n\t\t<style type=\"text\/css\">\n\t\t\t#gallery-1 {\n\t\t\t\tmargin: auto;\n\t\t\t}\n\t\t\t#gallery-1 .gallery-item {\n\t\t\t\tfloat: left;\n\t\t\t\tmargin-top: 10px;\n\t\t\t\ttext-align: center;\n\t\t\t\twidth: 33%;\n\t\t\t}\n\t\t\t#gallery-1 img {\n\t\t\t\tborder: 2px solid #cfcfcf;\n\t\t\t}\n\t\t\t#gallery-1 .gallery-caption {\n\t\t\t\tmargin-left: 0;\n\t\t\t}\n\t\t\t\/* see gallery_shortcode() in wp-includes\/media.php *\/\n\t\t<\/style>\n\t\t<div id='gallery-1' class='gallery galleryid-323 gallery-columns-3 gallery-size-medium'><dl class='gallery-item'>\n\t\t\t<dt class='gallery-icon landscape'>\n\t\t\t\t<a href='https:\/\/kramer-produkt-design.de\/?attachment_id=326'><img loading=\"lazy\" decoding=\"async\" width=\"300\" height=\"300\" src=\"https:\/\/kramer-produkt-design.de\/wp-content\/uploads\/2017\/12\/vispa_galerie1-300x300.gif\" class=\"attachment-medium size-medium\" alt=\"\" srcset=\"https:\/\/kramer-produkt-design.de\/wp-content\/uploads\/2017\/12\/vispa_galerie1-300x300.gif 300w, https:\/\/kramer-produkt-design.de\/wp-content\/uploads\/2017\/12\/vispa_galerie1-150x150.gif 150w, https:\/\/kramer-produkt-design.de\/wp-content\/uploads\/2017\/12\/vispa_galerie1-88x88.gif 88w\" sizes=\"auto, (max-width: 300px) 100vw, 300px\" \/><\/a>\n\t\t\t<\/dt><\/dl><dl class='gallery-item'>\n\t\t\t<dt class='gallery-icon landscape'>\n\t\t\t\t<a href='https:\/\/kramer-produkt-design.de\/?attachment_id=327'><img loading=\"lazy\" decoding=\"async\" width=\"300\" height=\"300\" src=\"https:\/\/kramer-produkt-design.de\/wp-content\/uploads\/2017\/12\/vispa_galerie2-300x300.gif\" class=\"attachment-medium size-medium\" alt=\"\" srcset=\"https:\/\/kramer-produkt-design.de\/wp-content\/uploads\/2017\/12\/vispa_galerie2-300x300.gif 300w, https:\/\/kramer-produkt-design.de\/wp-content\/uploads\/2017\/12\/vispa_galerie2-150x150.gif 150w, https:\/\/kramer-produkt-design.de\/wp-content\/uploads\/2017\/12\/vispa_galerie2-88x88.gif 88w\" sizes=\"auto, (max-width: 300px) 100vw, 300px\" \/><\/a>\n\t\t\t<\/dt><\/dl><dl class='gallery-item'>\n\t\t\t<dt class='gallery-icon portrait'>\n\t\t\t\t<a href='https:\/\/kramer-produkt-design.de\/?attachment_id=328'><img loading=\"lazy\" decoding=\"async\" width=\"200\" height=\"300\" src=\"https:\/\/kramer-produkt-design.de\/wp-content\/uploads\/2017\/12\/VISPA_choco_B10cm_F-200x300.jpg\" class=\"attachment-medium size-medium\" alt=\"\" srcset=\"https:\/\/kramer-produkt-design.de\/wp-content\/uploads\/2017\/12\/VISPA_choco_B10cm_F-200x300.jpg 200w, https:\/\/kramer-produkt-design.de\/wp-content\/uploads\/2017\/12\/VISPA_choco_B10cm_F-768x1152.jpg 768w, https:\/\/kramer-produkt-design.de\/wp-content\/uploads\/2017\/12\/VISPA_choco_B10cm_F-682x1024.jpg 682w, https:\/\/kramer-produkt-design.de\/wp-content\/uploads\/2017\/12\/VISPA_choco_B10cm_F-973x1460.jpg 973w, https:\/\/kramer-produkt-design.de\/wp-content\/uploads\/2017\/12\/VISPA_choco_B10cm_F-508x762.jpg 508w, https:\/\/kramer-produkt-design.de\/wp-content\/uploads\/2017\/12\/VISPA_choco_B10cm_F.jpg 1181w\" sizes=\"auto, (max-width: 200px) 100vw, 200px\" \/><\/a>\n\t\t\t<\/dt><\/dl><br style=\"clear: both\" \/><dl class='gallery-item'>\n\t\t\t<dt class='gallery-icon landscape'>\n\t\t\t\t<a href='https:\/\/kramer-produkt-design.de\/?attachment_id=329'><img loading=\"lazy\" decoding=\"async\" width=\"300\" height=\"300\" src=\"https:\/\/kramer-produkt-design.de\/wp-content\/uploads\/2017\/12\/vispa_detail1-300x300.gif\" class=\"attachment-medium size-medium\" alt=\"\" srcset=\"https:\/\/kramer-produkt-design.de\/wp-content\/uploads\/2017\/12\/vispa_detail1-300x300.gif 300w, https:\/\/kramer-produkt-design.de\/wp-content\/uploads\/2017\/12\/vispa_detail1-150x150.gif 150w, https:\/\/kramer-produkt-design.de\/wp-content\/uploads\/2017\/12\/vispa_detail1-88x88.gif 88w\" sizes=\"auto, (max-width: 300px) 100vw, 300px\" \/><\/a>\n\t\t\t<\/dt><\/dl><dl class='gallery-item'>\n\t\t\t<dt class='gallery-icon landscape'>\n\t\t\t\t<a href='https:\/\/kramer-produkt-design.de\/?attachment_id=330'><img loading=\"lazy\" decoding=\"async\" width=\"300\" height=\"200\" src=\"https:\/\/kramer-produkt-design.de\/wp-content\/uploads\/2017\/12\/VISPA_Detail1_B10cm-300x200.jpg\" class=\"attachment-medium size-medium\" alt=\"\" srcset=\"https:\/\/kramer-produkt-design.de\/wp-content\/uploads\/2017\/12\/VISPA_Detail1_B10cm-300x200.jpg 300w, https:\/\/kramer-produkt-design.de\/wp-content\/uploads\/2017\/12\/VISPA_Detail1_B10cm-768x512.jpg 768w, https:\/\/kramer-produkt-design.de\/wp-content\/uploads\/2017\/12\/VISPA_Detail1_B10cm-1024x682.jpg 1024w, https:\/\/kramer-produkt-design.de\/wp-content\/uploads\/2017\/12\/VISPA_Detail1_B10cm-973x648.jpg 973w, https:\/\/kramer-produkt-design.de\/wp-content\/uploads\/2017\/12\/VISPA_Detail1_B10cm-508x339.jpg 508w, https:\/\/kramer-produkt-design.de\/wp-content\/uploads\/2017\/12\/VISPA_Detail1_B10cm.jpg 1181w\" sizes=\"auto, (max-width: 300px) 100vw, 300px\" \/><\/a>\n\t\t\t<\/dt><\/dl>\n\t\t\t<br style='clear: both' \/>\n\t\t<\/div>\n\n<p>Highlights<br \/>\n&#8211; Runder, platzsparender Guss-Ofen mit besonders gro\u00dfer Scheibe<br \/>\n&#8211; Zwei Farben: schwarz und choco (tiefbraun)<br \/>\n&#8211; 3 Brennstoffe: Scheitholz, Holzbrikett, Braunkohlenbrikett<br \/>\n&#8211; Hoher Wirkungsgrad f\u00fcr sparsamen Brennstoffverbrauch<br \/>\n&#8211; Besonders schadstoffarme Verbrennung<\/p>\n<p><a href=\"https:\/\/kramer-produkt-design.de\/wp-content\/uploads\/2017\/12\/LEDA-VISPA-Produkt-Info-V3-0612_web.pdf\">&gt;Flyer<\/a><\/p>\n<p><a href=\"http:\/\/www.leda.de\/produkte\/kaminoefen\/vispa\/\">&gt;Link Web LEDA<\/a><\/p>\n<p><a href=\"leda.de\" target=\"_blank\" rel=\"noopener\"><img loading=\"lazy\" decoding=\"async\" class=\"alignnone wp-image-154 size-full\" src=\"https:\/\/kramer-produkt-design.de\/wp-content\/uploads\/2017\/12\/Logo-Leda.jpg\" alt=\"\" width=\"98\" height=\"69\" \/><\/a><\/p>\n<p>&nbsp;<\/p>\n","protected":false},"excerpt":{"rendered":"<p>\u201cEr besticht durch seine geschmeidige Form und die extrem schlanke Linie. Leicht konkav, also seitlich nach innen gebogen, bildet er eine unverwechselbare Silhouette und erinnert dabei an die&#8230;<\/p>\n","protected":false},"author":1,"featured_media":325,"comment_status":"closed","ping_status":"closed","sticky":false,"template":"","format":"standard","meta":{"footnotes":""},"categories":[8,6,11],"tags":[],"class_list":["post-323","post","type-post","status-publish","format-standard","has-post-thumbnail","hentry","category-blog","category-im-handel","category-oefen-und-gartenfeuer"],"_links":{"self":[{"href":"https:\/\/kramer-produkt-design.de\/index.php?rest_route=\/wp\/v2\/posts\/323","targetHints":{"allow":["GET"]}}],"collection":[{"href":"https:\/\/kramer-produkt-design.de\/index.php?rest_route=\/wp\/v2\/posts"}],"about":[{"href":"https:\/\/kramer-produkt-design.de\/index.php?rest_route=\/wp\/v2\/types\/post"}],"author":[{"embeddable":true,"href":"https:\/\/kramer-produkt-design.de\/index.php?rest_route=\/wp\/v2\/users\/1"}],"replies":[{"embeddable":true,"href":"https:\/\/kramer-produkt-design.de\/index.php?rest_route=%2Fwp%2Fv2%2Fcomments&post=323"}],"version-history":[{"count":1,"href":"https:\/\/kramer-produkt-design.de\/index.php?rest_route=\/wp\/v2\/posts\/323\/revisions"}],"predecessor-version":[{"id":331,"href":"https:\/\/kramer-produkt-design.de\/index.php?rest_route=\/wp\/v2\/posts\/323\/revisions\/331"}],"wp:featuredmedia":[{"embeddable":true,"href":"https:\/\/kramer-produkt-design.de\/index.php?rest_route=\/wp\/v2\/media\/325"}],"wp:attachment":[{"href":"https:\/\/kramer-produkt-design.de\/index.php?rest_route=%2Fwp%2Fv2%2Fmedia&parent=323"}],"wp:term":[{"taxonomy":"category","embeddable":true,"href":"https:\/\/kramer-produkt-design.de\/index.php?rest_route=%2Fwp%2Fv2%2Fcategories&post=323"},{"taxonomy":"post_tag","embeddable":true,"href":"https:\/\/kramer-produkt-design.de\/index.php?rest_route=%2Fwp%2Fv2%2Ftags&post=323"}],"curies":[{"name":"wp","href":"https:\/\/api.w.org\/{rel}","templated":true}]}}