{"id":537,"date":"2017-10-03T17:13:47","date_gmt":"2017-10-03T17:13:47","guid":{"rendered":"http:\/\/test.kramerdesign.net\/?p=537"},"modified":"2018-07-05T17:08:15","modified_gmt":"2018-07-05T15:08:15","slug":"made-by","status":"publish","type":"post","link":"https:\/\/kramer-produkt-design.de\/?p=537","title":{"rendered":"made by"},"content":{"rendered":"<h4><strong>made <\/strong>by \u2013 wer ist das?<\/h4>\n<p><strong>made<\/strong>by ist die Internetplattform f\u00fcr Ideen aus der Hochschule f\u00fcr K\u00fcnste. Angeh\u00f6rige der Hochschule ver\u00f6ffentlichen hier ihre Entw\u00fcrfe und Ideen, zeigen die Vielfalt und Kreativit\u00e4t der Bremer Designer und erm\u00f6glichen es, Interessierten die Ideen aufzugreifen und daraus Produkte zu realisieren.<\/p>\n<p><a href=\"www.madeby.hfk-bremen.de\" target=\"_blank\" rel=\"noopener\"><img loading=\"lazy\" decoding=\"async\" class=\"alignnone wp-image-539 size-large\" src=\"https:\/\/kramer-produkt-design.de\/wp-content\/uploads\/2018\/01\/madeby-web-1024x595.jpg\" alt=\"\" width=\"620\" height=\"360\" srcset=\"https:\/\/kramer-produkt-design.de\/wp-content\/uploads\/2018\/01\/madeby-web-1024x595.jpg 1024w, https:\/\/kramer-produkt-design.de\/wp-content\/uploads\/2018\/01\/madeby-web-300x174.jpg 300w, https:\/\/kramer-produkt-design.de\/wp-content\/uploads\/2018\/01\/madeby-web-768x447.jpg 768w, https:\/\/kramer-produkt-design.de\/wp-content\/uploads\/2018\/01\/madeby-web-973x566.jpg 973w, https:\/\/kramer-produkt-design.de\/wp-content\/uploads\/2018\/01\/madeby-web-508x295.jpg 508w, https:\/\/kramer-produkt-design.de\/wp-content\/uploads\/2018\/01\/madeby-web.jpg 1904w\" sizes=\"auto, (max-width: 620px) 100vw, 620px\" \/><\/a><\/p>\n<p>Die Idee wurde ma\u00dfgeblich von Bettina Pelz (HfK), Prof. Andreas Kramer (HfK) und Dr. Jens Hoheisel (InnoWi) entwickelt.<\/p>\n<p><a href=\"www.hfk-bremen.de\" target=\"_blank\" rel=\"noopener\"><img loading=\"lazy\" decoding=\"async\" class=\"alignnone wp-image-224\" src=\"https:\/\/kramer-produkt-design.de\/wp-content\/uploads\/2017\/12\/HFK_Logo2010__Veranstalter.jpg\" alt=\"\" width=\"145\" height=\"58\" \/><\/a><a href=\"www.innowi.de\" target=\"_blank\" rel=\"noopener\"><img loading=\"lazy\" decoding=\"async\" class=\"alignnone wp-image-152\" src=\"https:\/\/kramer-produkt-design.de\/wp-content\/uploads\/2017\/12\/Logo-InnoWi.jpg\" alt=\"\" width=\"144\" height=\"101\" \/><\/a><a href=\"www.madeby.hfk-bremen.de\" target=\"_blank\" rel=\"noopener\"><img loading=\"lazy\" decoding=\"async\" class=\"alignnone wp-image-538\" src=\"https:\/\/kramer-produkt-design.de\/wp-content\/uploads\/2018\/01\/madeby-750.jpg\" alt=\"\" width=\"145\" height=\"43\" \/><\/a><\/p>\n<blockquote class=\"wp-embedded-content\" data-secret=\"3sqedtj2yr\"><p><a href=\"https:\/\/kramer-produkt-design.de\/?p=1045\">Dem Ideenklau einen Riegel vorschieben<\/a><\/p><\/blockquote>\n<p><iframe loading=\"lazy\" class=\"wp-embedded-content\" sandbox=\"allow-scripts\" security=\"restricted\" style=\"position: absolute; clip: rect(1px, 1px, 1px, 1px);\" title=\"&#8222;Dem Ideenklau einen Riegel vorschieben&#8220; &#8212; kramerDesign\" src=\"https:\/\/kramer-produkt-design.de\/?p=1045&#038;embed=true#?secret=0cRlzZD4sY#?secret=3sqedtj2yr\" data-secret=\"3sqedtj2yr\" width=\"600\" height=\"338\" frameborder=\"0\" marginwidth=\"0\" marginheight=\"0\" scrolling=\"no\"><\/iframe><\/p>\n<blockquote class=\"wp-embedded-content\" data-secret=\"lFxY6eCrBB\"><p><a href=\"https:\/\/kramer-produkt-design.de\/?p=1012\">&#8222;madeby&#8220; HfK Bremen<\/a><\/p><\/blockquote>\n<p><iframe loading=\"lazy\" class=\"wp-embedded-content\" sandbox=\"allow-scripts\" security=\"restricted\" style=\"position: absolute; clip: rect(1px, 1px, 1px, 1px);\" title=\"&#8222;&#8222;madeby&#8220; HfK Bremen&#8220; &#8212; kramerDesign\" src=\"https:\/\/kramer-produkt-design.de\/?p=1012&#038;embed=true#?secret=CVnqNiJH49#?secret=lFxY6eCrBB\" data-secret=\"lFxY6eCrBB\" width=\"600\" height=\"338\" frameborder=\"0\" marginwidth=\"0\" marginheight=\"0\" scrolling=\"no\"><\/iframe><\/p>\n<blockquote class=\"wp-embedded-content\" data-secret=\"R3ozDaDsnu\"><p><a href=\"https:\/\/kramer-produkt-design.de\/?p=1007\">\u201eMadeby\u201c: Schaufenster f\u00fcr Ideen<\/a><\/p><\/blockquote>\n<p><iframe loading=\"lazy\" class=\"wp-embedded-content\" sandbox=\"allow-scripts\" security=\"restricted\" style=\"position: absolute; clip: rect(1px, 1px, 1px, 1px);\" title=\"&#8222;\u201eMadeby\u201c: Schaufenster f\u00fcr Ideen&#8220; &#8212; kramerDesign\" src=\"https:\/\/kramer-produkt-design.de\/?p=1007&#038;embed=true#?secret=kdPjR8Wf9j#?secret=R3ozDaDsnu\" data-secret=\"R3ozDaDsnu\" width=\"600\" height=\"338\" frameborder=\"0\" marginwidth=\"0\" marginheight=\"0\" scrolling=\"no\"><\/iframe><\/p>\n<blockquote class=\"wp-embedded-content\" data-secret=\"BPd9ZPdHHn\"><p><a href=\"https:\/\/kramer-produkt-design.de\/?p=884\">Hochschultage 2018<\/a><\/p><\/blockquote>\n<p><iframe loading=\"lazy\" class=\"wp-embedded-content\" sandbox=\"allow-scripts\" security=\"restricted\" style=\"position: absolute; clip: rect(1px, 1px, 1px, 1px);\" title=\"&#8222;Hochschultage 2018&#8220; &#8212; kramerDesign\" src=\"https:\/\/kramer-produkt-design.de\/?p=884&#038;embed=true#?secret=sMZuhfEVfu#?secret=BPd9ZPdHHn\" data-secret=\"BPd9ZPdHHn\" width=\"600\" height=\"338\" frameborder=\"0\" marginwidth=\"0\" marginheight=\"0\" scrolling=\"no\"><\/iframe><\/p>\n<p>&nbsp;<\/p>\n","protected":false},"excerpt":{"rendered":"<p>made by \u2013 wer ist das? madeby ist die Internetplattform f\u00fcr Ideen aus der Hochschule f\u00fcr K\u00fcnste. Angeh\u00f6rige der Hochschule ver\u00f6ffentlichen hier ihre Entw\u00fcrfe und Ideen, zeigen die&#8230;<\/p>\n","protected":false},"author":1,"featured_media":1101,"comment_status":"closed","ping_status":"closed","sticky":false,"template":"","format":"standard","meta":{"footnotes":""},"categories":[20],"tags":[],"class_list":["post-537","post","type-post","status-publish","format-standard","has-post-thumbnail","hentry","category-projekt"],"_links":{"self":[{"href":"https:\/\/kramer-produkt-design.de\/index.php?rest_route=\/wp\/v2\/posts\/537","targetHints":{"allow":["GET"]}}],"collection":[{"href":"https:\/\/kramer-produkt-design.de\/index.php?rest_route=\/wp\/v2\/posts"}],"about":[{"href":"https:\/\/kramer-produkt-design.de\/index.php?rest_route=\/wp\/v2\/types\/post"}],"author":[{"embeddable":true,"href":"https:\/\/kramer-produkt-design.de\/index.php?rest_route=\/wp\/v2\/users\/1"}],"replies":[{"embeddable":true,"href":"https:\/\/kramer-produkt-design.de\/index.php?rest_route=%2Fwp%2Fv2%2Fcomments&post=537"}],"version-history":[{"count":9,"href":"https:\/\/kramer-produkt-design.de\/index.php?rest_route=\/wp\/v2\/posts\/537\/revisions"}],"predecessor-version":[{"id":1103,"href":"https:\/\/kramer-produkt-design.de\/index.php?rest_route=\/wp\/v2\/posts\/537\/revisions\/1103"}],"wp:featuredmedia":[{"embeddable":true,"href":"https:\/\/kramer-produkt-design.de\/index.php?rest_route=\/wp\/v2\/media\/1101"}],"wp:attachment":[{"href":"https:\/\/kramer-produkt-design.de\/index.php?rest_route=%2Fwp%2Fv2%2Fmedia&parent=537"}],"wp:term":[{"taxonomy":"category","embeddable":true,"href":"https:\/\/kramer-produkt-design.de\/index.php?rest_route=%2Fwp%2Fv2%2Fcategories&post=537"},{"taxonomy":"post_tag","embeddable":true,"href":"https:\/\/kramer-produkt-design.de\/index.php?rest_route=%2Fwp%2Fv2%2Ftags&post=537"}],"curies":[{"name":"wp","href":"https:\/\/api.w.org\/{rel}","templated":true}]}}