{"id":609,"date":"2016-02-05T10:15:41","date_gmt":"2016-02-05T10:15:41","guid":{"rendered":"http:\/\/test.kramerdesign.net\/?p=609"},"modified":"2023-01-11T08:11:49","modified_gmt":"2023-01-11T07:11:49","slug":"federkern-3-0","status":"publish","type":"post","link":"https:\/\/kramer-produkt-design.de\/?p=609","title":{"rendered":"Federkern 3.0"},"content":{"rendered":"<p>Projekt von Christof M\u00fche, Lena K\u00f6lsch<\/p>\n<p>Diese neuartige Federkern-Matratze unterscheidet sich von herk\u00f6mmlichen Matratzen hinsichtlich des Materials und des Federprinzips. Die Verwendung von ausschlie\u00dflich PLA &#8211; einem biologisch abbaubaren, thermoplastischen Kunststoff &#8211; und nachhaltig angebauter Baumwolle erm\u00f6glicht eine Kompostierung der&nbsp; gesamten Matratze. Des Weiteren sorgt der hohe Baumwollanteil des Federkerns und die offene und luftige Struktur f\u00fcr einen ausgeglichenen&nbsp; Feuchtigkeitshaushalt &#8211; sowohl innerhalb als auch au\u00dferhalb der Matratze &#8211; was zu einem gesunden Schlaf beitr\u00e4gt und gleichzeitig&nbsp; Schimmelbildung vorbeugt.<\/p>\n<p>Ein Garn aus PLA- und Baumwollfasern wird in einer Geflechtschlauch-Maschine zu einer speziellen Federstruktur verflochten, die anschlie\u00dfend erhitzt wird. Dabei schmelzen die Kunststofffasern aneinander und umschlie\u00dfen die&nbsp; Baumwollfasern, wodurch die Struktur an Festigkeit gewinnt und ihre&nbsp; federnden Eigenschaften erh\u00e4lt.<\/p>\n<p><iframe loading=\"lazy\" src=\"https:\/\/player.vimeo.com\/video\/180242263\" allowfullscreen=\"allowfullscreen\" width=\"640\" height=\"360\" frameborder=\"0\"><\/iframe><\/p>\n<p><a href=\"https:\/\/vimeo.com\/180242263\">Federkern 3.0<\/a> from <a href=\"https:\/\/vimeo.com\/user55877616\">Masterstudio MT<\/a> on <a href=\"https:\/\/vimeo.com\">Vimeo<\/a>.<\/p>\n<p><a href=\"https:\/\/kramer-produkt-design.de\/wp-content\/uploads\/2018\/01\/Matratzenaufbau.jpg\"><img loading=\"lazy\" decoding=\"async\" class=\"size-large wp-image-612 alignnone\" src=\"https:\/\/kramer-produkt-design.de\/wp-content\/uploads\/2018\/01\/Matratzenaufbau-1024x545.jpg\" alt=\"\" width=\"620\" height=\"330\" srcset=\"https:\/\/kramer-produkt-design.de\/wp-content\/uploads\/2018\/01\/Matratzenaufbau-1024x545.jpg 1024w, https:\/\/kramer-produkt-design.de\/wp-content\/uploads\/2018\/01\/Matratzenaufbau-300x160.jpg 300w, https:\/\/kramer-produkt-design.de\/wp-content\/uploads\/2018\/01\/Matratzenaufbau-768x409.jpg 768w, https:\/\/kramer-produkt-design.de\/wp-content\/uploads\/2018\/01\/Matratzenaufbau-973x518.jpg 973w, https:\/\/kramer-produkt-design.de\/wp-content\/uploads\/2018\/01\/Matratzenaufbau-508x270.jpg 508w, https:\/\/kramer-produkt-design.de\/wp-content\/uploads\/2018\/01\/Matratzenaufbau.jpg 1400w\" sizes=\"auto, (max-width: 620px) 100vw, 620px\" \/><\/a> <a href=\"https:\/\/kramer-produkt-design.de\/wp-content\/uploads\/2018\/01\/Herstellungsprozess.jpg\"><img loading=\"lazy\" decoding=\"async\" class=\"size-large wp-image-611 alignnone\" src=\"https:\/\/kramer-produkt-design.de\/wp-content\/uploads\/2018\/01\/Herstellungsprozess-1024x346.jpg\" alt=\"\" width=\"620\" height=\"209\" srcset=\"https:\/\/kramer-produkt-design.de\/wp-content\/uploads\/2018\/01\/Herstellungsprozess-1024x346.jpg 1024w, https:\/\/kramer-produkt-design.de\/wp-content\/uploads\/2018\/01\/Herstellungsprozess-300x101.jpg 300w, https:\/\/kramer-produkt-design.de\/wp-content\/uploads\/2018\/01\/Herstellungsprozess-768x259.jpg 768w, https:\/\/kramer-produkt-design.de\/wp-content\/uploads\/2018\/01\/Herstellungsprozess-973x329.jpg 973w, https:\/\/kramer-produkt-design.de\/wp-content\/uploads\/2018\/01\/Herstellungsprozess-508x172.jpg 508w, https:\/\/kramer-produkt-design.de\/wp-content\/uploads\/2018\/01\/Herstellungsprozess.jpg 1400w\" sizes=\"auto, (max-width: 620px) 100vw, 620px\" \/><\/a><\/p>\n<p>Das Konzept wurde in Zusammenarbeit mit dem Faserinstitut Bremen, der Bremer Baumwollb\u00f6rse und der Universit\u00e4t&nbsp; Bremen entwickelt.<\/p>\n<p><a href=\"https:\/\/www.faserinstitut.de\/\" target=\"_blank\" rel=\"noopener\"><img loading=\"lazy\" decoding=\"async\" class=\"alignnone wp-image-147 size-full\" src=\"https:\/\/kramer-produkt-design.de\/wp-content\/uploads\/2017\/12\/Logo-Fibre.jpg\" alt=\"\" width=\"98\" height=\"69\"><\/a><a href=\"https:\/\/baumwollboerse.de\/\" target=\"_blank\" rel=\"noopener\"><img loading=\"lazy\" decoding=\"async\" class=\"alignnone wp-image-613\" src=\"https:\/\/kramer-produkt-design.de\/wp-content\/uploads\/2018\/01\/Logo-Baumwollb\u00f6rse-Bremen.jpeg\" alt=\"\" width=\"98\" height=\"65\"><\/a><a href=\"uni-bremen.de\" target=\"_blank\" rel=\"noopener\"><img loading=\"lazy\" decoding=\"async\" class=\"alignnone wp-image-614\" src=\"https:\/\/kramer-produkt-design.de\/wp-content\/uploads\/2018\/01\/Logo-Uni-Bremen-1024x278.png\" alt=\"\" width=\"98\" height=\"27\"><\/a><\/p>\n","protected":false},"excerpt":{"rendered":"<p>Projekt von Christof M\u00fche, Lena K\u00f6lsch Diese neuartige Federkern-Matratze unterscheidet sich von herk\u00f6mmlichen Matratzen hinsichtlich des Materials und des Federprinzips. Die Verwendung von ausschlie\u00dflich PLA &#8211; einem biologisch&#8230;<\/p>\n","protected":false},"author":1,"featured_media":610,"comment_status":"closed","ping_status":"closed","sticky":false,"template":"","format":"standard","meta":{"footnotes":""},"categories":[8,17,12,20],"tags":[39,38,36,27,55,37],"class_list":["post-609","post","type-post","status-publish","format-standard","has-post-thumbnail","hentry","category-blog","category-innovative-materialien","category-masterstudio-material-und-technologie","category-projekt","tag-baumwollboerse","tag-baumwolle","tag-federkern-matratze","tag-fibre","tag-innovative-materialien","tag-pla"],"_links":{"self":[{"href":"https:\/\/kramer-produkt-design.de\/index.php?rest_route=\/wp\/v2\/posts\/609","targetHints":{"allow":["GET"]}}],"collection":[{"href":"https:\/\/kramer-produkt-design.de\/index.php?rest_route=\/wp\/v2\/posts"}],"about":[{"href":"https:\/\/kramer-produkt-design.de\/index.php?rest_route=\/wp\/v2\/types\/post"}],"author":[{"embeddable":true,"href":"https:\/\/kramer-produkt-design.de\/index.php?rest_route=\/wp\/v2\/users\/1"}],"replies":[{"embeddable":true,"href":"https:\/\/kramer-produkt-design.de\/index.php?rest_route=%2Fwp%2Fv2%2Fcomments&post=609"}],"version-history":[{"count":3,"href":"https:\/\/kramer-produkt-design.de\/index.php?rest_route=\/wp\/v2\/posts\/609\/revisions"}],"predecessor-version":[{"id":1785,"href":"https:\/\/kramer-produkt-design.de\/index.php?rest_route=\/wp\/v2\/posts\/609\/revisions\/1785"}],"wp:featuredmedia":[{"embeddable":true,"href":"https:\/\/kramer-produkt-design.de\/index.php?rest_route=\/wp\/v2\/media\/610"}],"wp:attachment":[{"href":"https:\/\/kramer-produkt-design.de\/index.php?rest_route=%2Fwp%2Fv2%2Fmedia&parent=609"}],"wp:term":[{"taxonomy":"category","embeddable":true,"href":"https:\/\/kramer-produkt-design.de\/index.php?rest_route=%2Fwp%2Fv2%2Fcategories&post=609"},{"taxonomy":"post_tag","embeddable":true,"href":"https:\/\/kramer-produkt-design.de\/index.php?rest_route=%2Fwp%2Fv2%2Ftags&post=609"}],"curies":[{"name":"wp","href":"https:\/\/api.w.org\/{rel}","templated":true}]}}