{"id":632,"date":"2016-01-05T12:30:02","date_gmt":"2016-01-05T12:30:02","guid":{"rendered":"http:\/\/test.kramerdesign.net\/?p=632"},"modified":"2023-01-11T08:12:14","modified_gmt":"2023-01-11T07:12:14","slug":"kindermoebel","status":"publish","type":"post","link":"https:\/\/kramer-produkt-design.de\/?p=632","title":{"rendered":"Kinderm\u00f6bel"},"content":{"rendered":"<h4>Die Monster sind los!<\/h4>\n<p>Ein Projekt von Carolin Pertsch, <a href=\"http:\/\/www.christiantebtmann.de\/\"><span class=\"color_14\">Christian Flottmann<\/span><\/a>, Finja Kram<br \/>\nBetreut von Bettina Pelz und Prof. Andreas Kramer<\/p>\n<p>Der Tastsinn ist eines der wichtigsten menschlichen\u00a0 Wahrnehmungssysteme, um Informationen \u00fcber die Umwelt erhalten,\u00a0 einordnen und langfristig verarbeiten zu k\u00f6nnen. Gerade bei Kindern sind haptische Entdeckungstouren von gro\u00dfer Bedeutung f\u00fcr ihre Entwicklung. Durch die Ber\u00fchrung physischer Objekte lernen Kinder ihre Welt zu sortieren und abstrakte Zusammenh\u00e4nge zu begreifen. Unsere Intention ist es, Kinderm\u00f6beln, die oft nur funktional und langweilig sind, ein\u00a0 sinnliches Erlebnis zu verleihen. Diese wollen wir mithilfe von haptisch interessanten und visuell ansprechenden Fasern erreichen. Indem wir\u00a0 diese zweckentfremden, entsteht ein v\u00f6llig neuer Einsatzbereich. Die\u00a0 Kinder werden aufgefordert, mit ihren M\u00f6beln spielerisch zu interagieren und ihren Tastsinn auszuprobieren. Eine Langlebigkeit der M\u00f6bel mittels emotionaler Bindung wird durch die Schaffung von individuellen\u00a0 Monster-Charakteren gegeben. Das M\u00f6bel wird zum Freund und Spielkameraden. Zu jedem M\u00f6bel gibt es ein Kinderbuch.<\/p>\n<p><iframe loading=\"lazy\" src=\"https:\/\/player.vimeo.com\/video\/180244314\" width=\"640\" height=\"360\" frameborder=\"0\" allowfullscreen=\"allowfullscreen\"><\/iframe><\/p>\n<p><a href=\"https:\/\/vimeo.com\/180244314\">Die Monster sind los!<\/a> from <a href=\"https:\/\/vimeo.com\/user55877616\">Masterstudio MT<\/a> on <a href=\"https:\/\/vimeo.com\">Vimeo<\/a>.<\/p>\n\n\t\t<style type=\"text\/css\">\n\t\t\t#gallery-1 {\n\t\t\t\tmargin: auto;\n\t\t\t}\n\t\t\t#gallery-1 .gallery-item {\n\t\t\t\tfloat: left;\n\t\t\t\tmargin-top: 10px;\n\t\t\t\ttext-align: center;\n\t\t\t\twidth: 33%;\n\t\t\t}\n\t\t\t#gallery-1 img {\n\t\t\t\tborder: 2px solid #cfcfcf;\n\t\t\t}\n\t\t\t#gallery-1 .gallery-caption {\n\t\t\t\tmargin-left: 0;\n\t\t\t}\n\t\t\t\/* see gallery_shortcode() in wp-includes\/media.php *\/\n\t\t<\/style>\n\t\t<div id='gallery-1' class='gallery galleryid-632 gallery-columns-3 gallery-size-medium'><dl class='gallery-item'>\n\t\t\t<dt class='gallery-icon landscape'>\n\t\t\t\t<a href='https:\/\/kramer-produkt-design.de\/wp-content\/uploads\/2018\/01\/IMG_3415-e1464265946255.jpg'><img loading=\"lazy\" decoding=\"async\" width=\"300\" height=\"200\" src=\"https:\/\/kramer-produkt-design.de\/wp-content\/uploads\/2018\/01\/IMG_3415-e1464265946255-300x200.jpg\" class=\"attachment-medium size-medium\" alt=\"\" srcset=\"https:\/\/kramer-produkt-design.de\/wp-content\/uploads\/2018\/01\/IMG_3415-e1464265946255-300x200.jpg 300w, https:\/\/kramer-produkt-design.de\/wp-content\/uploads\/2018\/01\/IMG_3415-e1464265946255-768x512.jpg 768w, https:\/\/kramer-produkt-design.de\/wp-content\/uploads\/2018\/01\/IMG_3415-e1464265946255-1024x683.jpg 1024w, https:\/\/kramer-produkt-design.de\/wp-content\/uploads\/2018\/01\/IMG_3415-e1464265946255-973x649.jpg 973w, https:\/\/kramer-produkt-design.de\/wp-content\/uploads\/2018\/01\/IMG_3415-e1464265946255-508x339.jpg 508w, https:\/\/kramer-produkt-design.de\/wp-content\/uploads\/2018\/01\/IMG_3415-e1464265946255.jpg 1200w\" sizes=\"auto, (max-width: 300px) 100vw, 300px\" \/><\/a>\n\t\t\t<\/dt><\/dl><dl class='gallery-item'>\n\t\t\t<dt class='gallery-icon landscape'>\n\t\t\t\t<a href='https:\/\/kramer-produkt-design.de\/wp-content\/uploads\/2018\/01\/Kinderm\u00f6bel-C.Pertsch-C.-Tebtmann-F.-Kram-.jpg'><img loading=\"lazy\" decoding=\"async\" width=\"300\" height=\"199\" src=\"https:\/\/kramer-produkt-design.de\/wp-content\/uploads\/2018\/01\/Kinderm\u00f6bel-C.Pertsch-C.-Tebtmann-F.-Kram--300x199.jpg\" class=\"attachment-medium size-medium\" alt=\"\" srcset=\"https:\/\/kramer-produkt-design.de\/wp-content\/uploads\/2018\/01\/Kinderm\u00f6bel-C.Pertsch-C.-Tebtmann-F.-Kram--300x199.jpg 300w, https:\/\/kramer-produkt-design.de\/wp-content\/uploads\/2018\/01\/Kinderm\u00f6bel-C.Pertsch-C.-Tebtmann-F.-Kram--768x509.jpg 768w, https:\/\/kramer-produkt-design.de\/wp-content\/uploads\/2018\/01\/Kinderm\u00f6bel-C.Pertsch-C.-Tebtmann-F.-Kram--1024x678.jpg 1024w, https:\/\/kramer-produkt-design.de\/wp-content\/uploads\/2018\/01\/Kinderm\u00f6bel-C.Pertsch-C.-Tebtmann-F.-Kram--973x644.jpg 973w, https:\/\/kramer-produkt-design.de\/wp-content\/uploads\/2018\/01\/Kinderm\u00f6bel-C.Pertsch-C.-Tebtmann-F.-Kram--508x336.jpg 508w, https:\/\/kramer-produkt-design.de\/wp-content\/uploads\/2018\/01\/Kinderm\u00f6bel-C.Pertsch-C.-Tebtmann-F.-Kram-.jpg 1400w\" sizes=\"auto, (max-width: 300px) 100vw, 300px\" \/><\/a>\n\t\t\t<\/dt><\/dl><dl class='gallery-item'>\n\t\t\t<dt class='gallery-icon landscape'>\n\t\t\t\t<a href='https:\/\/kramer-produkt-design.de\/wp-content\/uploads\/2018\/01\/IMG_3395-e1464265845432.jpg'><img loading=\"lazy\" decoding=\"async\" width=\"300\" height=\"200\" src=\"https:\/\/kramer-produkt-design.de\/wp-content\/uploads\/2018\/01\/IMG_3395-e1464265845432-300x200.jpg\" class=\"attachment-medium size-medium\" alt=\"\" srcset=\"https:\/\/kramer-produkt-design.de\/wp-content\/uploads\/2018\/01\/IMG_3395-e1464265845432-300x200.jpg 300w, https:\/\/kramer-produkt-design.de\/wp-content\/uploads\/2018\/01\/IMG_3395-e1464265845432-768x512.jpg 768w, https:\/\/kramer-produkt-design.de\/wp-content\/uploads\/2018\/01\/IMG_3395-e1464265845432-1024x683.jpg 1024w, https:\/\/kramer-produkt-design.de\/wp-content\/uploads\/2018\/01\/IMG_3395-e1464265845432-973x649.jpg 973w, https:\/\/kramer-produkt-design.de\/wp-content\/uploads\/2018\/01\/IMG_3395-e1464265845432-508x339.jpg 508w, https:\/\/kramer-produkt-design.de\/wp-content\/uploads\/2018\/01\/IMG_3395-e1464265845432.jpg 1200w\" sizes=\"auto, (max-width: 300px) 100vw, 300px\" \/><\/a>\n\t\t\t<\/dt><\/dl><br style=\"clear: both\" \/><dl class='gallery-item'>\n\t\t\t<dt class='gallery-icon portrait'>\n\t\t\t\t<a href='https:\/\/kramer-produkt-design.de\/wp-content\/uploads\/2018\/01\/IMG_3586-683x1024.jpg'><img loading=\"lazy\" decoding=\"async\" width=\"200\" height=\"300\" src=\"https:\/\/kramer-produkt-design.de\/wp-content\/uploads\/2018\/01\/IMG_3586-683x1024-200x300.jpg\" class=\"attachment-medium size-medium\" alt=\"\" srcset=\"https:\/\/kramer-produkt-design.de\/wp-content\/uploads\/2018\/01\/IMG_3586-683x1024-200x300.jpg 200w, https:\/\/kramer-produkt-design.de\/wp-content\/uploads\/2018\/01\/IMG_3586-683x1024.jpg 683w, https:\/\/kramer-produkt-design.de\/wp-content\/uploads\/2018\/01\/IMG_3586-683x1024-508x762.jpg 508w\" sizes=\"auto, (max-width: 200px) 100vw, 200px\" \/><\/a>\n\t\t\t<\/dt><\/dl><dl class='gallery-item'>\n\t\t\t<dt class='gallery-icon portrait'>\n\t\t\t\t<a href='https:\/\/kramer-produkt-design.de\/wp-content\/uploads\/2018\/01\/IMG_3515-Kopie-683x1024.jpg'><img loading=\"lazy\" decoding=\"async\" width=\"200\" height=\"300\" src=\"https:\/\/kramer-produkt-design.de\/wp-content\/uploads\/2018\/01\/IMG_3515-Kopie-683x1024-200x300.jpg\" class=\"attachment-medium size-medium\" alt=\"\" srcset=\"https:\/\/kramer-produkt-design.de\/wp-content\/uploads\/2018\/01\/IMG_3515-Kopie-683x1024-200x300.jpg 200w, https:\/\/kramer-produkt-design.de\/wp-content\/uploads\/2018\/01\/IMG_3515-Kopie-683x1024.jpg 683w, https:\/\/kramer-produkt-design.de\/wp-content\/uploads\/2018\/01\/IMG_3515-Kopie-683x1024-508x762.jpg 508w\" sizes=\"auto, (max-width: 200px) 100vw, 200px\" \/><\/a>\n\t\t\t<\/dt><\/dl><dl class='gallery-item'>\n\t\t\t<dt class='gallery-icon portrait'>\n\t\t\t\t<a href='https:\/\/kramer-produkt-design.de\/wp-content\/uploads\/2018\/01\/IMG_3330-683x1024.jpg'><img loading=\"lazy\" decoding=\"async\" width=\"200\" height=\"300\" src=\"https:\/\/kramer-produkt-design.de\/wp-content\/uploads\/2018\/01\/IMG_3330-683x1024-200x300.jpg\" class=\"attachment-medium size-medium\" alt=\"\" srcset=\"https:\/\/kramer-produkt-design.de\/wp-content\/uploads\/2018\/01\/IMG_3330-683x1024-200x300.jpg 200w, https:\/\/kramer-produkt-design.de\/wp-content\/uploads\/2018\/01\/IMG_3330-683x1024.jpg 683w, https:\/\/kramer-produkt-design.de\/wp-content\/uploads\/2018\/01\/IMG_3330-683x1024-508x762.jpg 508w\" sizes=\"auto, (max-width: 200px) 100vw, 200px\" \/><\/a>\n\t\t\t<\/dt><\/dl><br style=\"clear: both\" \/><dl class='gallery-item'>\n\t\t\t<dt class='gallery-icon landscape'>\n\t\t\t\t<a href='https:\/\/kramer-produkt-design.de\/wp-content\/uploads\/2018\/01\/IMG_3508-e1464266039230.jpg'><img loading=\"lazy\" decoding=\"async\" width=\"300\" height=\"200\" src=\"https:\/\/kramer-produkt-design.de\/wp-content\/uploads\/2018\/01\/IMG_3508-e1464266039230-300x200.jpg\" class=\"attachment-medium size-medium\" alt=\"\" srcset=\"https:\/\/kramer-produkt-design.de\/wp-content\/uploads\/2018\/01\/IMG_3508-e1464266039230-300x200.jpg 300w, https:\/\/kramer-produkt-design.de\/wp-content\/uploads\/2018\/01\/IMG_3508-e1464266039230-768x512.jpg 768w, https:\/\/kramer-produkt-design.de\/wp-content\/uploads\/2018\/01\/IMG_3508-e1464266039230-1024x683.jpg 1024w, https:\/\/kramer-produkt-design.de\/wp-content\/uploads\/2018\/01\/IMG_3508-e1464266039230-973x649.jpg 973w, https:\/\/kramer-produkt-design.de\/wp-content\/uploads\/2018\/01\/IMG_3508-e1464266039230-508x339.jpg 508w, https:\/\/kramer-produkt-design.de\/wp-content\/uploads\/2018\/01\/IMG_3508-e1464266039230.jpg 1200w\" sizes=\"auto, (max-width: 300px) 100vw, 300px\" \/><\/a>\n\t\t\t<\/dt><\/dl>\n\t\t\t<br style='clear: both' \/>\n\t\t<\/div>\n\n<p><a href=\"http:\/\/materialundtechnologie.hfk-bremen.de\" target=\"_blank\" rel=\"noopener\"><img loading=\"lazy\" decoding=\"async\" class=\"alignleft wp-image-641 size-full\" src=\"https:\/\/kramer-produkt-design.de\/wp-content\/uploads\/2018\/01\/Logo-Masterstudio-e1515155793105.gif\" alt=\"\" width=\"89\" height=\"41\" \/><\/a><\/p>\n","protected":false},"excerpt":{"rendered":"<p>Die Monster sind los! Ein Projekt von Carolin Pertsch, Christian Flottmann, Finja Kram Betreut von Bettina Pelz und Prof. Andreas Kramer Der Tastsinn ist eines der wichtigsten menschlichen\u00a0&#8230;<\/p>\n","protected":false},"author":1,"featured_media":633,"comment_status":"closed","ping_status":"closed","sticky":false,"template":"","format":"standard","meta":{"footnotes":""},"categories":[8,12,20],"tags":[53],"class_list":["post-632","post","type-post","status-publish","format-standard","has-post-thumbnail","hentry","category-blog","category-masterstudio-material-und-technologie","category-projekt","tag-kindermoebel"],"_links":{"self":[{"href":"https:\/\/kramer-produkt-design.de\/index.php?rest_route=\/wp\/v2\/posts\/632","targetHints":{"allow":["GET"]}}],"collection":[{"href":"https:\/\/kramer-produkt-design.de\/index.php?rest_route=\/wp\/v2\/posts"}],"about":[{"href":"https:\/\/kramer-produkt-design.de\/index.php?rest_route=\/wp\/v2\/types\/post"}],"author":[{"embeddable":true,"href":"https:\/\/kramer-produkt-design.de\/index.php?rest_route=\/wp\/v2\/users\/1"}],"replies":[{"embeddable":true,"href":"https:\/\/kramer-produkt-design.de\/index.php?rest_route=%2Fwp%2Fv2%2Fcomments&post=632"}],"version-history":[{"count":2,"href":"https:\/\/kramer-produkt-design.de\/index.php?rest_route=\/wp\/v2\/posts\/632\/revisions"}],"predecessor-version":[{"id":915,"href":"https:\/\/kramer-produkt-design.de\/index.php?rest_route=\/wp\/v2\/posts\/632\/revisions\/915"}],"wp:featuredmedia":[{"embeddable":true,"href":"https:\/\/kramer-produkt-design.de\/index.php?rest_route=\/wp\/v2\/media\/633"}],"wp:attachment":[{"href":"https:\/\/kramer-produkt-design.de\/index.php?rest_route=%2Fwp%2Fv2%2Fmedia&parent=632"}],"wp:term":[{"taxonomy":"category","embeddable":true,"href":"https:\/\/kramer-produkt-design.de\/index.php?rest_route=%2Fwp%2Fv2%2Fcategories&post=632"},{"taxonomy":"post_tag","embeddable":true,"href":"https:\/\/kramer-produkt-design.de\/index.php?rest_route=%2Fwp%2Fv2%2Ftags&post=632"}],"curies":[{"name":"wp","href":"https:\/\/api.w.org\/{rel}","templated":true}]}}