{"id":643,"date":"2016-06-05T12:47:53","date_gmt":"2016-06-05T12:47:53","guid":{"rendered":"http:\/\/test.kramerdesign.net\/?p=643"},"modified":"2023-01-11T08:10:15","modified_gmt":"2023-01-11T07:10:15","slug":"hocker-fjaeder","status":"publish","type":"post","link":"https:\/\/kramer-produkt-design.de\/?p=643","title":{"rendered":"Hocker &#8222;Fj\u00e4der&#8220;"},"content":{"rendered":"<h6><b>Fj\u00e4der Der Hocker, der sich f\u00fcr Sie verbiegt.<\/b><\/h6>\n<p>Ein Projekt von Malte Sonnenschein, <a href=\"mailto:florian@fraenz.de\" target=\"_blank\" rel=\"noopener\">Florian Fr\u00e4nz<\/a><br \/>\nBetreut druch Prof. Andreas Kramer<\/p>\n<p>Da der menschliche K\u00f6rper auf Bewegung ausgelegt ist, kann statisches Sitzen zu einer Reihe von gesundheitlichen Problemen f\u00fchren. Der Hocker Fj\u00e4der kombiniert Sitzen mit Bewegung. Durch seine pr\u00e4gnanten Schlitze&nbsp; erh\u00e4lt das sonst so steife Material Multiplex eine ungeahnte&nbsp; Flexibilit\u00e4t. Spielerisch l\u00e4dt der Hocker den Benutzer ein, in Bewegung&nbsp; zu bleiben und die Sitzposition regelm\u00e4\u00dfig zu ver\u00e4ndern. Langes Sitzen wird so nicht nur angenehmer, sondern auch wesentlich ges\u00fcnder. Der&nbsp; Hocker l\u00e4sst sich zudem \u00f6ffnen und bietet zus\u00e4tzlichen Stauraum f\u00fcr&nbsp; Kissen, Decken oder andere Gegenst\u00e4nde.<\/p>\n<p><iframe loading=\"lazy\" src=\"https:\/\/player.vimeo.com\/video\/174503247\" allowfullscreen=\"allowfullscreen\" width=\"640\" height=\"360\" frameborder=\"0\"><\/iframe><\/p>\n<p><a href=\"https:\/\/vimeo.com\/174503247\">Fj\u00e4der<\/a> from <a href=\"https:\/\/vimeo.com\/user5203247\">Florian Fr\u00e4nz<\/a> on <a href=\"https:\/\/vimeo.com\">Vimeo<\/a>.<\/p>\n<p>&nbsp;<\/p>\n\n\t\t<style type=\"text\/css\">\n\t\t\t#gallery-1 {\n\t\t\t\tmargin: auto;\n\t\t\t}\n\t\t\t#gallery-1 .gallery-item {\n\t\t\t\tfloat: left;\n\t\t\t\tmargin-top: 10px;\n\t\t\t\ttext-align: center;\n\t\t\t\twidth: 33%;\n\t\t\t}\n\t\t\t#gallery-1 img {\n\t\t\t\tborder: 2px solid #cfcfcf;\n\t\t\t}\n\t\t\t#gallery-1 .gallery-caption {\n\t\t\t\tmargin-left: 0;\n\t\t\t}\n\t\t\t\/* see gallery_shortcode() in wp-includes\/media.php *\/\n\t\t<\/style>\n\t\t<div id='gallery-1' class='gallery galleryid-643 gallery-columns-3 gallery-size-medium'><dl class='gallery-item'>\n\t\t\t<dt class='gallery-icon portrait'>\n\t\t\t\t<a href='https:\/\/kramer-produkt-design.de\/wp-content\/uploads\/2018\/01\/Pumping-Fjaeder.jpg'><img loading=\"lazy\" decoding=\"async\" width=\"200\" height=\"300\" src=\"https:\/\/kramer-produkt-design.de\/wp-content\/uploads\/2018\/01\/Pumping-Fjaeder-200x300.jpg\" class=\"attachment-medium size-medium\" alt=\"\" srcset=\"https:\/\/kramer-produkt-design.de\/wp-content\/uploads\/2018\/01\/Pumping-Fjaeder-200x300.jpg 200w, https:\/\/kramer-produkt-design.de\/wp-content\/uploads\/2018\/01\/Pumping-Fjaeder-508x762.jpg 508w, https:\/\/kramer-produkt-design.de\/wp-content\/uploads\/2018\/01\/Pumping-Fjaeder.jpg 667w\" sizes=\"auto, (max-width: 200px) 100vw, 200px\" \/><\/a>\n\t\t\t<\/dt><\/dl><dl class='gallery-item'>\n\t\t\t<dt class='gallery-icon landscape'>\n\t\t\t\t<a href='https:\/\/kramer-produkt-design.de\/wp-content\/uploads\/2018\/01\/Besessen-e619.jpg'><img loading=\"lazy\" decoding=\"async\" width=\"300\" height=\"168\" src=\"https:\/\/kramer-produkt-design.de\/wp-content\/uploads\/2018\/01\/Besessen-e619-300x168.jpg\" class=\"attachment-medium size-medium\" alt=\"\" srcset=\"https:\/\/kramer-produkt-design.de\/wp-content\/uploads\/2018\/01\/Besessen-e619-300x168.jpg 300w, https:\/\/kramer-produkt-design.de\/wp-content\/uploads\/2018\/01\/Besessen-e619-508x285.jpg 508w, https:\/\/kramer-produkt-design.de\/wp-content\/uploads\/2018\/01\/Besessen-e619.jpg 618w\" sizes=\"auto, (max-width: 300px) 100vw, 300px\" \/><\/a>\n\t\t\t<\/dt><\/dl>\n\t\t\t<br style='clear: both' \/>\n\t\t<\/div>\n\n<p>&nbsp;<\/p>\n","protected":false},"excerpt":{"rendered":"<p>Fj\u00e4der Der Hocker, der sich f\u00fcr Sie verbiegt. Ein Projekt von Malte Sonnenschein, Florian Fr\u00e4nz Betreut druch Prof. Andreas Kramer Da der menschliche K\u00f6rper auf Bewegung ausgelegt ist,&#8230;<\/p>\n","protected":false},"author":1,"featured_media":646,"comment_status":"closed","ping_status":"closed","sticky":false,"template":"","format":"standard","meta":{"footnotes":""},"categories":[21,8,12,20],"tags":[32,54],"class_list":["post-643","post","type-post","status-publish","format-standard","has-post-thumbnail","hentry","category-1-semester-workshop","category-blog","category-masterstudio-material-und-technologie","category-projekt","tag-hocker","tag-moebel"],"_links":{"self":[{"href":"https:\/\/kramer-produkt-design.de\/index.php?rest_route=\/wp\/v2\/posts\/643","targetHints":{"allow":["GET"]}}],"collection":[{"href":"https:\/\/kramer-produkt-design.de\/index.php?rest_route=\/wp\/v2\/posts"}],"about":[{"href":"https:\/\/kramer-produkt-design.de\/index.php?rest_route=\/wp\/v2\/types\/post"}],"author":[{"embeddable":true,"href":"https:\/\/kramer-produkt-design.de\/index.php?rest_route=\/wp\/v2\/users\/1"}],"replies":[{"embeddable":true,"href":"https:\/\/kramer-produkt-design.de\/index.php?rest_route=%2Fwp%2Fv2%2Fcomments&post=643"}],"version-history":[{"count":2,"href":"https:\/\/kramer-produkt-design.de\/index.php?rest_route=\/wp\/v2\/posts\/643\/revisions"}],"predecessor-version":[{"id":1783,"href":"https:\/\/kramer-produkt-design.de\/index.php?rest_route=\/wp\/v2\/posts\/643\/revisions\/1783"}],"wp:featuredmedia":[{"embeddable":true,"href":"https:\/\/kramer-produkt-design.de\/index.php?rest_route=\/wp\/v2\/media\/646"}],"wp:attachment":[{"href":"https:\/\/kramer-produkt-design.de\/index.php?rest_route=%2Fwp%2Fv2%2Fmedia&parent=643"}],"wp:term":[{"taxonomy":"category","embeddable":true,"href":"https:\/\/kramer-produkt-design.de\/index.php?rest_route=%2Fwp%2Fv2%2Fcategories&post=643"},{"taxonomy":"post_tag","embeddable":true,"href":"https:\/\/kramer-produkt-design.de\/index.php?rest_route=%2Fwp%2Fv2%2Ftags&post=643"}],"curies":[{"name":"wp","href":"https:\/\/api.w.org\/{rel}","templated":true}]}}