{"id":648,"date":"2011-04-05T16:07:31","date_gmt":"2011-04-05T16:07:31","guid":{"rendered":"http:\/\/test.kramerdesign.net\/?p=648"},"modified":"2018-01-05T16:12:05","modified_gmt":"2018-01-05T16:12:05","slug":"tisch-mira","status":"publish","type":"post","link":"https:\/\/kramer-produkt-design.de\/?p=648","title":{"rendered":"Tisch &#8222;Mira&#8220;"},"content":{"rendered":"<p>Projekt von Gerrit Wolters<br \/>\nKurs: C-Mobel 2011<br \/>\nBetreuung Prof. Andreas Kramer<\/p>\n<p>Einen passenden Tisch f\u00fcr einen kleinen Raum zu finden ist h\u00e4ufig schwierig. Gerade f\u00fcr Balkone sind viele M\u00f6bel von der Stange zu gro\u00df und unf\u00f6rmig. Viele w\u00fcnschen sich daher individuell auf ihre Bed\u00fcrfnisse zugeschnittene M\u00f6bel, die aber nicht unerschwinglich teuer sind.<\/p>\n<p>Das Tischsystem \u201cMira\u201d ist speziell f\u00fcr den Au\u00dfenbereich und die Anforderungen auf begrenztem Raum konstruiert. Das Gestell besteht aus zwei Modulen, die mit verschiedenen Tischplatten kombiniert werden k\u00f6nnen. Die Tischplatten k\u00f6nnen vom Kunden nach bestimmten Vorgaben in Ihrer Form frei gew\u00e4hlt werden. Nach Auswahl des Materials werden Platte und Gestell mit einer CNC-Fr\u00e4se nach einer digitalen Vorlage in einem Arbeitsgang produziert. Die auf der Tischplatte entstehenden Muster sind durch die Konstruktion bedingt und erinnern an Intarsien.<\/p>\n<p>\u201cMira\u201d wird platzsparend in Einzelteilen transportiert und kann werkzeuglos vor Ort vom Kunden montiert werden. So ist dieses System \u00e4u\u00dferst individuell und dennoch g\u00fcnstig.<\/p>\n\n\t\t<style type=\"text\/css\">\n\t\t\t#gallery-1 {\n\t\t\t\tmargin: auto;\n\t\t\t}\n\t\t\t#gallery-1 .gallery-item {\n\t\t\t\tfloat: left;\n\t\t\t\tmargin-top: 10px;\n\t\t\t\ttext-align: center;\n\t\t\t\twidth: 33%;\n\t\t\t}\n\t\t\t#gallery-1 img {\n\t\t\t\tborder: 2px solid #cfcfcf;\n\t\t\t}\n\t\t\t#gallery-1 .gallery-caption {\n\t\t\t\tmargin-left: 0;\n\t\t\t}\n\t\t\t\/* see gallery_shortcode() in wp-includes\/media.php *\/\n\t\t<\/style>\n\t\t<div id='gallery-1' class='gallery galleryid-648 gallery-columns-3 gallery-size-medium'><dl class='gallery-item'>\n\t\t\t<dt class='gallery-icon landscape'>\n\t\t\t\t<a href='https:\/\/kramer-produkt-design.de\/wp-content\/uploads\/2018\/01\/Mira02.jpg'><img loading=\"lazy\" decoding=\"async\" width=\"300\" height=\"169\" src=\"https:\/\/kramer-produkt-design.de\/wp-content\/uploads\/2018\/01\/Mira02-300x169.jpg\" class=\"attachment-medium size-medium\" alt=\"\" srcset=\"https:\/\/kramer-produkt-design.de\/wp-content\/uploads\/2018\/01\/Mira02-300x169.jpg 300w, https:\/\/kramer-produkt-design.de\/wp-content\/uploads\/2018\/01\/Mira02-508x286.jpg 508w, https:\/\/kramer-produkt-design.de\/wp-content\/uploads\/2018\/01\/Mira02.jpg 619w\" sizes=\"auto, (max-width: 300px) 100vw, 300px\" \/><\/a>\n\t\t\t<\/dt><\/dl><dl class='gallery-item'>\n\t\t\t<dt class='gallery-icon landscape'>\n\t\t\t\t<a href='https:\/\/kramer-produkt-design.de\/wp-content\/uploads\/2018\/01\/Mira03.jpg'><img loading=\"lazy\" decoding=\"async\" width=\"300\" height=\"169\" src=\"https:\/\/kramer-produkt-design.de\/wp-content\/uploads\/2018\/01\/Mira03-300x169.jpg\" class=\"attachment-medium size-medium\" alt=\"\" srcset=\"https:\/\/kramer-produkt-design.de\/wp-content\/uploads\/2018\/01\/Mira03-300x169.jpg 300w, https:\/\/kramer-produkt-design.de\/wp-content\/uploads\/2018\/01\/Mira03-508x286.jpg 508w, https:\/\/kramer-produkt-design.de\/wp-content\/uploads\/2018\/01\/Mira03.jpg 619w\" sizes=\"auto, (max-width: 300px) 100vw, 300px\" \/><\/a>\n\t\t\t<\/dt><\/dl>\n\t\t\t<br style='clear: both' \/>\n\t\t<\/div>\n\n","protected":false},"excerpt":{"rendered":"<p>Projekt von Gerrit Wolters Kurs: C-Mobel 2011 Betreuung Prof. Andreas Kramer Einen passenden Tisch f\u00fcr einen kleinen Raum zu finden ist h\u00e4ufig schwierig. Gerade f\u00fcr Balkone sind viele&#8230;<\/p>\n","protected":false},"author":1,"featured_media":649,"comment_status":"closed","ping_status":"closed","sticky":false,"template":"","format":"standard","meta":{"footnotes":""},"categories":[20],"tags":[54,56],"class_list":["post-648","post","type-post","status-publish","format-standard","has-post-thumbnail","hentry","category-projekt","tag-moebel","tag-tisch"],"_links":{"self":[{"href":"https:\/\/kramer-produkt-design.de\/index.php?rest_route=\/wp\/v2\/posts\/648","targetHints":{"allow":["GET"]}}],"collection":[{"href":"https:\/\/kramer-produkt-design.de\/index.php?rest_route=\/wp\/v2\/posts"}],"about":[{"href":"https:\/\/kramer-produkt-design.de\/index.php?rest_route=\/wp\/v2\/types\/post"}],"author":[{"embeddable":true,"href":"https:\/\/kramer-produkt-design.de\/index.php?rest_route=\/wp\/v2\/users\/1"}],"replies":[{"embeddable":true,"href":"https:\/\/kramer-produkt-design.de\/index.php?rest_route=%2Fwp%2Fv2%2Fcomments&post=648"}],"version-history":[{"count":1,"href":"https:\/\/kramer-produkt-design.de\/index.php?rest_route=\/wp\/v2\/posts\/648\/revisions"}],"predecessor-version":[{"id":652,"href":"https:\/\/kramer-produkt-design.de\/index.php?rest_route=\/wp\/v2\/posts\/648\/revisions\/652"}],"wp:featuredmedia":[{"embeddable":true,"href":"https:\/\/kramer-produkt-design.de\/index.php?rest_route=\/wp\/v2\/media\/649"}],"wp:attachment":[{"href":"https:\/\/kramer-produkt-design.de\/index.php?rest_route=%2Fwp%2Fv2%2Fmedia&parent=648"}],"wp:term":[{"taxonomy":"category","embeddable":true,"href":"https:\/\/kramer-produkt-design.de\/index.php?rest_route=%2Fwp%2Fv2%2Fcategories&post=648"},{"taxonomy":"post_tag","embeddable":true,"href":"https:\/\/kramer-produkt-design.de\/index.php?rest_route=%2Fwp%2Fv2%2Ftags&post=648"}],"curies":[{"name":"wp","href":"https:\/\/api.w.org\/{rel}","templated":true}]}}