{"id":653,"date":"2011-06-05T16:12:55","date_gmt":"2011-06-05T16:12:55","guid":{"rendered":"http:\/\/test.kramerdesign.net\/?p=653"},"modified":"2018-01-05T16:17:58","modified_gmt":"2018-01-05T16:17:58","slug":"tisch-frei","status":"publish","type":"post","link":"https:\/\/kramer-produkt-design.de\/?p=653","title":{"rendered":"Tisch &#8222;Frei&#8220;"},"content":{"rendered":"<p>Projekt von Lene Schwarz<br \/>\nKurs: C-M\u00f6bel 2011<br \/>\nBetreuung: Prof. Andreas Kramer<\/p>\n<p>F\u00fcr Menschen mit Gehbehinderungen k\u00f6nnen schon so allt\u00e4gliche Gegenst\u00e4nde wie ein Tisch un\u00fcberwindbare Herausforderungen darstellen. Ob es die falsche H\u00f6he f\u00fcr Rollstuhlfahrer oder ein st\u00f6rendes Tischbein bei der Navigation mit der Gehhilfe ist.<\/p>\n<p>Hier setzt \u201cFrei\u201d, ein Tischsystem f\u00fcr Gehbehinderte, an. Es besteht aus mehreren variablen Tischbeinvarianten mit denen individuelle Tische f\u00fcr zwei bis zw\u00f6lf Personen erstellt werden k\u00f6nnen. Alle Varianten sind f\u00fcr Rollstuhlfahrer geeignet. An den Spangen der Tischbeine k\u00f6nnen Gehhilfen bequem abgestellt werden. Die Beine bieten eine breite Bodenauflage, wodurch der Tisch auch beim Aufst\u00fctzen auf die Tischplatte stabil steht. Die Tischplatte ist mit Klammern befestigt, welche die Elastizit\u00e4t des Multiplex-Holzes nutzen, und ist daher vollkommen eben und leicht zu reinigen.<\/p>\n<p>Das modern und zeitlos gestaltete Tischsystem ist so besonders geeignet f\u00fcr den Kantinenbetrieb in Behinderten-, Rehabilitations- oder Krankeneinrichtungen, aber auch f\u00fcr Privatpersonen mit einer dauerhaften Gehbehinderung.<\/p>\n<p><a href=\"https:\/\/kramer-produkt-design.de\/wp-content\/uploads\/2018\/01\/Tisch-Frei02.jpg\"><img loading=\"lazy\" decoding=\"async\" class=\"size-full wp-image-655 alignnone\" src=\"https:\/\/kramer-produkt-design.de\/wp-content\/uploads\/2018\/01\/Tisch-Frei02.jpg\" alt=\"\" width=\"619\" height=\"348\" srcset=\"https:\/\/kramer-produkt-design.de\/wp-content\/uploads\/2018\/01\/Tisch-Frei02.jpg 619w, https:\/\/kramer-produkt-design.de\/wp-content\/uploads\/2018\/01\/Tisch-Frei02-300x169.jpg 300w, https:\/\/kramer-produkt-design.de\/wp-content\/uploads\/2018\/01\/Tisch-Frei02-508x286.jpg 508w\" sizes=\"auto, (max-width: 619px) 100vw, 619px\" \/><\/a><\/p>\n","protected":false},"excerpt":{"rendered":"<p>Projekt von Lene Schwarz Kurs: C-M\u00f6bel 2011 Betreuung: Prof. Andreas Kramer F\u00fcr Menschen mit Gehbehinderungen k\u00f6nnen schon so allt\u00e4gliche Gegenst\u00e4nde wie ein Tisch un\u00fcberwindbare Herausforderungen darstellen. Ob es&#8230;<\/p>\n","protected":false},"author":1,"featured_media":654,"comment_status":"closed","ping_status":"closed","sticky":false,"template":"","format":"standard","meta":{"footnotes":""},"categories":[20],"tags":[54,56,57],"class_list":["post-653","post","type-post","status-publish","format-standard","has-post-thumbnail","hentry","category-projekt","tag-moebel","tag-tisch","tag-univeral-design"],"_links":{"self":[{"href":"https:\/\/kramer-produkt-design.de\/index.php?rest_route=\/wp\/v2\/posts\/653","targetHints":{"allow":["GET"]}}],"collection":[{"href":"https:\/\/kramer-produkt-design.de\/index.php?rest_route=\/wp\/v2\/posts"}],"about":[{"href":"https:\/\/kramer-produkt-design.de\/index.php?rest_route=\/wp\/v2\/types\/post"}],"author":[{"embeddable":true,"href":"https:\/\/kramer-produkt-design.de\/index.php?rest_route=\/wp\/v2\/users\/1"}],"replies":[{"embeddable":true,"href":"https:\/\/kramer-produkt-design.de\/index.php?rest_route=%2Fwp%2Fv2%2Fcomments&post=653"}],"version-history":[{"count":1,"href":"https:\/\/kramer-produkt-design.de\/index.php?rest_route=\/wp\/v2\/posts\/653\/revisions"}],"predecessor-version":[{"id":656,"href":"https:\/\/kramer-produkt-design.de\/index.php?rest_route=\/wp\/v2\/posts\/653\/revisions\/656"}],"wp:featuredmedia":[{"embeddable":true,"href":"https:\/\/kramer-produkt-design.de\/index.php?rest_route=\/wp\/v2\/media\/654"}],"wp:attachment":[{"href":"https:\/\/kramer-produkt-design.de\/index.php?rest_route=%2Fwp%2Fv2%2Fmedia&parent=653"}],"wp:term":[{"taxonomy":"category","embeddable":true,"href":"https:\/\/kramer-produkt-design.de\/index.php?rest_route=%2Fwp%2Fv2%2Fcategories&post=653"},{"taxonomy":"post_tag","embeddable":true,"href":"https:\/\/kramer-produkt-design.de\/index.php?rest_route=%2Fwp%2Fv2%2Ftags&post=653"}],"curies":[{"name":"wp","href":"https:\/\/api.w.org\/{rel}","templated":true}]}}