{"id":768,"date":"2014-05-06T16:08:28","date_gmt":"2014-05-06T14:08:28","guid":{"rendered":"http:\/\/test.kramerdesign.net\/?p=768"},"modified":"2018-01-07T17:20:52","modified_gmt":"2018-01-07T16:20:52","slug":"markilux-8800","status":"publish","type":"post","link":"https:\/\/kramer-produkt-design.de\/?p=768","title":{"rendered":"markilux 8800"},"content":{"rendered":"<p>Die Wintergartenmarkise markilux 8800 integriert sich in die zeitgem\u00e4\u00dfe Architektur durch die Verschmelzung weniger formaler<a name=\"_GoBack\"><\/a> Grundelemente. Gleichzeitig entsteht eine neue signifikante Gestalt, die gleicherma\u00dfen geschlossen und spannend wirkt, mit einem hohen Wiedererkennungswert.<\/p>\n<p>Das in das Schienensystem eingebaute \u201ezip System\u201c macht die Markise besonders windsicher: Das Tuch wird in den Schienen b\u00fcndig in einer Art Rei\u00dfverschluss gef\u00fchrt und ist somit weniger windanf\u00e4llig.<\/p>\n<p>Die markilux 8800 kann aufgrund ihrer durchdachten Formgebung in einem erweiterten Gr\u00f6\u00dfenraster bis zu 700cm x 500cm angeboten werden.<\/p>\n<p><a href=\"https:\/\/kramer-produkt-design.de\/wp-content\/uploads\/2018\/01\/m-8800-Detail.jpg\"><img loading=\"lazy\" decoding=\"async\" class=\"size-large wp-image-769 alignnone\" src=\"https:\/\/kramer-produkt-design.de\/wp-content\/uploads\/2018\/01\/m-8800-Detail-1024x596.jpg\" alt=\"\" width=\"620\" height=\"361\" srcset=\"https:\/\/kramer-produkt-design.de\/wp-content\/uploads\/2018\/01\/m-8800-Detail-1024x596.jpg 1024w, https:\/\/kramer-produkt-design.de\/wp-content\/uploads\/2018\/01\/m-8800-Detail-300x175.jpg 300w, https:\/\/kramer-produkt-design.de\/wp-content\/uploads\/2018\/01\/m-8800-Detail-768x447.jpg 768w, https:\/\/kramer-produkt-design.de\/wp-content\/uploads\/2018\/01\/m-8800-Detail-973x567.jpg 973w, https:\/\/kramer-produkt-design.de\/wp-content\/uploads\/2018\/01\/m-8800-Detail-508x296.jpg 508w\" sizes=\"auto, (max-width: 620px) 100vw, 620px\" \/><\/a><\/p>\n<p><a href=\"https:\/\/kramer-produkt-design.de\/wp-content\/uploads\/2018\/01\/m-8800-Seite.jpg\"><img loading=\"lazy\" decoding=\"async\" class=\"size-large wp-image-771 alignnone\" src=\"https:\/\/kramer-produkt-design.de\/wp-content\/uploads\/2018\/01\/m-8800-Seite-1024x410.jpg\" alt=\"\" width=\"620\" height=\"248\" srcset=\"https:\/\/kramer-produkt-design.de\/wp-content\/uploads\/2018\/01\/m-8800-Seite-1024x410.jpg 1024w, https:\/\/kramer-produkt-design.de\/wp-content\/uploads\/2018\/01\/m-8800-Seite-300x120.jpg 300w, https:\/\/kramer-produkt-design.de\/wp-content\/uploads\/2018\/01\/m-8800-Seite-768x307.jpg 768w, https:\/\/kramer-produkt-design.de\/wp-content\/uploads\/2018\/01\/m-8800-Seite-973x389.jpg 973w, https:\/\/kramer-produkt-design.de\/wp-content\/uploads\/2018\/01\/m-8800-Seite-508x203.jpg 508w, https:\/\/kramer-produkt-design.de\/wp-content\/uploads\/2018\/01\/m-8800-Seite.jpg 2000w\" sizes=\"auto, (max-width: 620px) 100vw, 620px\" \/><\/a><\/p>\n<p><a href=\"https:\/\/kramer-produkt-design.de\/wp-content\/uploads\/2018\/01\/markilux_8800_iF-Jahrbuch.jpg\"><img loading=\"lazy\" decoding=\"async\" class=\"size-large wp-image-770 alignnone\" src=\"https:\/\/kramer-produkt-design.de\/wp-content\/uploads\/2018\/01\/markilux_8800_iF-Jahrbuch-1024x722.jpg\" alt=\"\" width=\"620\" height=\"437\" srcset=\"https:\/\/kramer-produkt-design.de\/wp-content\/uploads\/2018\/01\/markilux_8800_iF-Jahrbuch-1024x722.jpg 1024w, https:\/\/kramer-produkt-design.de\/wp-content\/uploads\/2018\/01\/markilux_8800_iF-Jahrbuch-300x212.jpg 300w, https:\/\/kramer-produkt-design.de\/wp-content\/uploads\/2018\/01\/markilux_8800_iF-Jahrbuch-768x542.jpg 768w, https:\/\/kramer-produkt-design.de\/wp-content\/uploads\/2018\/01\/markilux_8800_iF-Jahrbuch-973x686.jpg 973w, https:\/\/kramer-produkt-design.de\/wp-content\/uploads\/2018\/01\/markilux_8800_iF-Jahrbuch-508x358.jpg 508w, https:\/\/kramer-produkt-design.de\/wp-content\/uploads\/2018\/01\/markilux_8800_iF-Jahrbuch.jpg 1891w\" sizes=\"auto, (max-width: 620px) 100vw, 620px\" \/><\/a><\/p>\n\n\t\t<style type=\"text\/css\">\n\t\t\t#gallery-1 {\n\t\t\t\tmargin: auto;\n\t\t\t}\n\t\t\t#gallery-1 .gallery-item {\n\t\t\t\tfloat: left;\n\t\t\t\tmargin-top: 10px;\n\t\t\t\ttext-align: center;\n\t\t\t\twidth: 33%;\n\t\t\t}\n\t\t\t#gallery-1 img {\n\t\t\t\tborder: 2px solid #cfcfcf;\n\t\t\t}\n\t\t\t#gallery-1 .gallery-caption {\n\t\t\t\tmargin-left: 0;\n\t\t\t}\n\t\t\t\/* see gallery_shortcode() in wp-includes\/media.php *\/\n\t\t<\/style>\n\t\t<div id='gallery-1' class='gallery galleryid-768 gallery-columns-3 gallery-size-full'><dl class='gallery-item'>\n\t\t\t<dt class='gallery-icon landscape'>\n\t\t\t\t<a href='https:\/\/kramer-produkt-design.de\/wp-content\/uploads\/2018\/01\/Aus-GDA-2014.jpg'><img loading=\"lazy\" decoding=\"async\" width=\"97\" height=\"67\" src=\"https:\/\/kramer-produkt-design.de\/wp-content\/uploads\/2018\/01\/Aus-GDA-2014.jpg\" class=\"attachment-full size-full\" alt=\"\" aria-describedby=\"gallery-1-750\" \/><\/a>\n\t\t\t<\/dt>\n\t\t\t\t<dd class='wp-caption-text gallery-caption' id='gallery-1-750'>\n\t\t\t\tGerman Design Award 2014\nmarkilux 8800\n\t\t\t\t<\/dd><\/dl><dl class='gallery-item'>\n\t\t\t<dt class='gallery-icon portrait'>\n\t\t\t\t<a href='https:\/\/kramer-produkt-design.de\/wp-content\/uploads\/2018\/01\/Aus-IF-2013-e1515251568480.jpg'><img loading=\"lazy\" decoding=\"async\" width=\"49\" height=\"97\" src=\"https:\/\/kramer-produkt-design.de\/wp-content\/uploads\/2018\/01\/Aus-IF-2013-e1515251568480.jpg\" class=\"attachment-full size-full\" alt=\"\" aria-describedby=\"gallery-1-752\" \/><\/a>\n\t\t\t<\/dt>\n\t\t\t\t<dd class='wp-caption-text gallery-caption' id='gallery-1-752'>\n\t\t\t\tif Design Award 2013\nmarkilux 8800\n\t\t\t\t<\/dd><\/dl>\n\t\t\t<br style='clear: both' \/>\n\t\t<\/div>\n\n<p><a href=\"https:\/\/kramer-produkt-design.de\/wp-content\/uploads\/2018\/01\/12-02-28-8800.pdf\" target=\"_blank\" rel=\"noopener\">&gt; Flyer<\/a><\/p>\n<p><a href=\"https:\/\/kramer-produkt-design.de\/wp-content\/uploads\/2014\/05\/Pressetext-German-Design-Award-2014.pdf\">&gt; Pressetext German Design Award 2014<\/a><\/p>\n<p><a href=\"http:\/\/www.markilux.de\" target=\"_blank\" rel=\"noopener\"><img loading=\"lazy\" decoding=\"async\" class=\"alignnone wp-image-118 size-full\" src=\"https:\/\/kramer-produkt-design.de\/wp-content\/uploads\/2017\/12\/markilux_Schriftzug-e1514046641752.jpg\" alt=\"\" width=\"172\" height=\"30\" \/><\/a><\/p>\n","protected":false},"excerpt":{"rendered":"<p>Die Wintergartenmarkise markilux 8800 integriert sich in die zeitgem\u00e4\u00dfe Architektur durch die Verschmelzung weniger formaler Grundelemente. Gleichzeitig entsteht eine neue signifikante Gestalt, die gleicherma\u00dfen geschlossen und spannend wirkt,&#8230;<\/p>\n","protected":false},"author":1,"featured_media":841,"comment_status":"closed","ping_status":"closed","sticky":false,"template":"","format":"standard","meta":{"footnotes":""},"categories":[5,4,8,6,10],"tags":[45,46],"class_list":["post-768","post","type-post","status-publish","format-standard","has-post-thumbnail","hentry","category-ausgezeichnete-produkte","category-beschattung","category-blog","category-im-handel","category-presse","tag-markilux","tag-markise"],"_links":{"self":[{"href":"https:\/\/kramer-produkt-design.de\/index.php?rest_route=\/wp\/v2\/posts\/768","targetHints":{"allow":["GET"]}}],"collection":[{"href":"https:\/\/kramer-produkt-design.de\/index.php?rest_route=\/wp\/v2\/posts"}],"about":[{"href":"https:\/\/kramer-produkt-design.de\/index.php?rest_route=\/wp\/v2\/types\/post"}],"author":[{"embeddable":true,"href":"https:\/\/kramer-produkt-design.de\/index.php?rest_route=\/wp\/v2\/users\/1"}],"replies":[{"embeddable":true,"href":"https:\/\/kramer-produkt-design.de\/index.php?rest_route=%2Fwp%2Fv2%2Fcomments&post=768"}],"version-history":[{"count":3,"href":"https:\/\/kramer-produkt-design.de\/index.php?rest_route=\/wp\/v2\/posts\/768\/revisions"}],"predecessor-version":[{"id":819,"href":"https:\/\/kramer-produkt-design.de\/index.php?rest_route=\/wp\/v2\/posts\/768\/revisions\/819"}],"wp:featuredmedia":[{"embeddable":true,"href":"https:\/\/kramer-produkt-design.de\/index.php?rest_route=\/wp\/v2\/media\/841"}],"wp:attachment":[{"href":"https:\/\/kramer-produkt-design.de\/index.php?rest_route=%2Fwp%2Fv2%2Fmedia&parent=768"}],"wp:term":[{"taxonomy":"category","embeddable":true,"href":"https:\/\/kramer-produkt-design.de\/index.php?rest_route=%2Fwp%2Fv2%2Fcategories&post=768"},{"taxonomy":"post_tag","embeddable":true,"href":"https:\/\/kramer-produkt-design.de\/index.php?rest_route=%2Fwp%2Fv2%2Ftags&post=768"}],"curies":[{"name":"wp","href":"https:\/\/api.w.org\/{rel}","templated":true}]}}