{"id":86,"date":"2017-10-25T16:32:43","date_gmt":"2017-10-25T14:32:43","guid":{"rendered":"http:\/\/test.kramerdesign.net\/?p=86"},"modified":"2022-01-14T15:47:34","modified_gmt":"2022-01-14T14:47:34","slug":"markilux-77x-87x-serie","status":"publish","type":"post","link":"https:\/\/kramer-produkt-design.de\/?p=86","title":{"rendered":"markilux 77x \/ 87x Serie"},"content":{"rendered":"\n<figure class=\"wp-block-image size-full is-resized\"><img loading=\"lazy\" decoding=\"async\" src=\"https:\/\/kramer-produkt-design.de\/wp-content\/uploads\/2022\/01\/Logo-kramerDesign-50.jpg\" alt=\"\" class=\"wp-image-1625\" width=\"202\" height=\"25\" srcset=\"https:\/\/kramer-produkt-design.de\/wp-content\/uploads\/2022\/01\/Logo-kramerDesign-50.jpg 403w, https:\/\/kramer-produkt-design.de\/wp-content\/uploads\/2022\/01\/Logo-kramerDesign-50-300x37.jpg 300w\" sizes=\"auto, (max-width: 202px) 100vw, 202px\" \/><\/figure>\n\n\n<p>Die markilux Serie 77x \/ 87x \u00a0wird als Sonnen-, Sicht- und Blendschutz f\u00fcr Glas\u00fcberdachungen (Auf- und Unterglasmarkisen) und als Fenstermarkise f\u00fcr sehr gro\u00dfe Fl\u00e4chen (bis zu 24 m\u00b2) verwendet. Das System bietet individuelle Gestaltungsm\u00f6glichkeiten, wahlweise mit einer runden und einer eckigen Tuchkassette. Die sehr kompakten Kassetten fallen unter einem Glasdach oder einer Fensterlaibung kaum auf. Zus\u00e4tzlich ist ein frei kombinierbares LED-Lichtsystem in den Anlagen integriert.<\/p>\n<p><a href=\"http:\/\/markilux.de\" target=\"_blank\" rel=\"noopener www.markilux.de\"><img loading=\"lazy\" decoding=\"async\" class=\"alignleft wp-image-118 size-full\" src=\"https:\/\/kramer-produkt-design.de\/wp-content\/uploads\/2017\/12\/markilux_Schriftzug-e1514046641752.jpg\" alt=\"\" width=\"172\" height=\"30\" \/><\/a><\/p>\n<p>\u00a0<\/p>\n<p>\u00a0<\/p>\n\n\t\t<style type=\"text\/css\">\n\t\t\t#gallery-1 {\n\t\t\t\tmargin: auto;\n\t\t\t}\n\t\t\t#gallery-1 .gallery-item {\n\t\t\t\tfloat: left;\n\t\t\t\tmargin-top: 10px;\n\t\t\t\ttext-align: center;\n\t\t\t\twidth: 33%;\n\t\t\t}\n\t\t\t#gallery-1 img {\n\t\t\t\tborder: 2px solid #cfcfcf;\n\t\t\t}\n\t\t\t#gallery-1 .gallery-caption {\n\t\t\t\tmargin-left: 0;\n\t\t\t}\n\t\t\t\/* see gallery_shortcode() in wp-includes\/media.php *\/\n\t\t<\/style>\n\t\t<div id='gallery-1' class='gallery galleryid-86 gallery-columns-3 gallery-size-medium'><dl class='gallery-item'>\n\t\t\t<dt class='gallery-icon landscape'>\n\t\t\t\t<a href='https:\/\/kramer-produkt-design.de\/wp-content\/uploads\/2017\/12\/GDA18_WINNER_COVER_VE-1-e1515233384518.jpg'><img loading=\"lazy\" decoding=\"async\" width=\"300\" height=\"300\" src=\"https:\/\/kramer-produkt-design.de\/wp-content\/uploads\/2017\/12\/GDA18_WINNER_COVER_VE-1-300x300.jpg\" class=\"attachment-medium size-medium\" alt=\"\" aria-describedby=\"gallery-1-125\" srcset=\"https:\/\/kramer-produkt-design.de\/wp-content\/uploads\/2017\/12\/GDA18_WINNER_COVER_VE-1-300x300.jpg 300w, https:\/\/kramer-produkt-design.de\/wp-content\/uploads\/2017\/12\/GDA18_WINNER_COVER_VE-1-150x150.jpg 150w, https:\/\/kramer-produkt-design.de\/wp-content\/uploads\/2017\/12\/GDA18_WINNER_COVER_VE-1-768x768.jpg 768w, https:\/\/kramer-produkt-design.de\/wp-content\/uploads\/2017\/12\/GDA18_WINNER_COVER_VE-1-88x88.jpg 88w, https:\/\/kramer-produkt-design.de\/wp-content\/uploads\/2017\/12\/GDA18_WINNER_COVER_VE-1-973x973.jpg 973w, https:\/\/kramer-produkt-design.de\/wp-content\/uploads\/2017\/12\/GDA18_WINNER_COVER_VE-1-508x508.jpg 508w, https:\/\/kramer-produkt-design.de\/wp-content\/uploads\/2017\/12\/GDA18_WINNER_COVER_VE-1-e1515233384518.jpg 98w\" sizes=\"auto, (max-width: 300px) 100vw, 300px\" \/><\/a>\n\t\t\t<\/dt>\n\t\t\t\t<dd class='wp-caption-text gallery-caption' id='gallery-1-125'>\n\t\t\t\tGerman Design Award Winner 2018\nmarkilux 77x \/ 87x Serie\n\t\t\t\t<\/dd><\/dl><dl class='gallery-item'>\n\t\t\t<dt class='gallery-icon landscape'>\n\t\t\t\t<a href='https:\/\/kramer-produkt-design.de\/wp-content\/uploads\/2017\/12\/PD2017_RD_RGB-e1515233635311.jpg'><img loading=\"lazy\" decoding=\"async\" width=\"300\" height=\"215\" src=\"https:\/\/kramer-produkt-design.de\/wp-content\/uploads\/2017\/12\/PD2017_RD_RGB-300x215.jpg\" class=\"attachment-medium size-medium\" alt=\"\" aria-describedby=\"gallery-1-111\" srcset=\"https:\/\/kramer-produkt-design.de\/wp-content\/uploads\/2017\/12\/PD2017_RD_RGB-300x215.jpg 300w, https:\/\/kramer-produkt-design.de\/wp-content\/uploads\/2017\/12\/PD2017_RD_RGB-508x364.jpg 508w, https:\/\/kramer-produkt-design.de\/wp-content\/uploads\/2017\/12\/PD2017_RD_RGB-e1515233635311.jpg 98w\" sizes=\"auto, (max-width: 300px) 100vw, 300px\" \/><\/a>\n\t\t\t<\/dt>\n\t\t\t\t<dd class='wp-caption-text gallery-caption' id='gallery-1-111'>\n\t\t\t\treddot 2017 winner\nmarkilux 77x \/ 87x Serie\n\t\t\t\t<\/dd><\/dl><dl class='gallery-item'>\n\t\t\t<dt class='gallery-icon landscape'>\n\t\t\t\t<a href='https:\/\/kramer-produkt-design.de\/wp-content\/uploads\/2017\/12\/m-77x.489.jpg'><img loading=\"lazy\" decoding=\"async\" width=\"300\" height=\"214\" src=\"https:\/\/kramer-produkt-design.de\/wp-content\/uploads\/2017\/12\/m-77x.489-300x214.jpg\" class=\"attachment-medium size-medium\" alt=\"\" aria-describedby=\"gallery-1-109\" srcset=\"https:\/\/kramer-produkt-design.de\/wp-content\/uploads\/2017\/12\/m-77x.489-300x214.jpg 300w, https:\/\/kramer-produkt-design.de\/wp-content\/uploads\/2017\/12\/m-77x.489-768x547.jpg 768w, https:\/\/kramer-produkt-design.de\/wp-content\/uploads\/2017\/12\/m-77x.489-1024x729.jpg 1024w, https:\/\/kramer-produkt-design.de\/wp-content\/uploads\/2017\/12\/m-77x.489-973x693.jpg 973w, https:\/\/kramer-produkt-design.de\/wp-content\/uploads\/2017\/12\/m-77x.489-508x362.jpg 508w\" sizes=\"auto, (max-width: 300px) 100vw, 300px\" \/><\/a>\n\t\t\t<\/dt>\n\t\t\t\t<dd class='wp-caption-text gallery-caption' id='gallery-1-109'>\n\t\t\t\tm-77x.\/78x\n\t\t\t\t<\/dd><\/dl><br style=\"clear: both\" \/><dl class='gallery-item'>\n\t\t\t<dt class='gallery-icon landscape'>\n\t\t\t\t<a href='https:\/\/kramer-produkt-design.de\/wp-content\/uploads\/2017\/12\/879_Detail_Kassette-ohne-Licht_Haus_B_cam06-2-1.jpg'><img loading=\"lazy\" decoding=\"async\" width=\"300\" height=\"225\" src=\"https:\/\/kramer-produkt-design.de\/wp-content\/uploads\/2017\/12\/879_Detail_Kassette-ohne-Licht_Haus_B_cam06-2-1.jpg\" class=\"attachment-medium size-medium\" alt=\"\" aria-describedby=\"gallery-1-114\" \/><\/a>\n\t\t\t<\/dt>\n\t\t\t\t<dd class='wp-caption-text gallery-caption' id='gallery-1-114'>\n\t\t\t\tm-77x\/78x\n\t\t\t\t<\/dd><\/dl><dl class='gallery-item'>\n\t\t\t<dt class='gallery-icon landscape'>\n\t\t\t\t<a href='https:\/\/kramer-produkt-design.de\/wp-content\/uploads\/2017\/12\/879_katalog_tuchst\u00fctzrohr_Schiene_LED_ohne_tracfix.png'><img loading=\"lazy\" decoding=\"async\" width=\"300\" height=\"150\" src=\"https:\/\/kramer-produkt-design.de\/wp-content\/uploads\/2017\/12\/879_katalog_tuchst\u00fctzrohr_Schiene_LED_ohne_tracfix-300x150.png\" class=\"attachment-medium size-medium\" alt=\"\" aria-describedby=\"gallery-1-116\" srcset=\"https:\/\/kramer-produkt-design.de\/wp-content\/uploads\/2017\/12\/879_katalog_tuchst\u00fctzrohr_Schiene_LED_ohne_tracfix-300x150.png 300w, https:\/\/kramer-produkt-design.de\/wp-content\/uploads\/2017\/12\/879_katalog_tuchst\u00fctzrohr_Schiene_LED_ohne_tracfix-768x384.png 768w, https:\/\/kramer-produkt-design.de\/wp-content\/uploads\/2017\/12\/879_katalog_tuchst\u00fctzrohr_Schiene_LED_ohne_tracfix-1024x512.png 1024w, https:\/\/kramer-produkt-design.de\/wp-content\/uploads\/2017\/12\/879_katalog_tuchst\u00fctzrohr_Schiene_LED_ohne_tracfix-973x487.png 973w, https:\/\/kramer-produkt-design.de\/wp-content\/uploads\/2017\/12\/879_katalog_tuchst\u00fctzrohr_Schiene_LED_ohne_tracfix-508x254.png 508w, https:\/\/kramer-produkt-design.de\/wp-content\/uploads\/2017\/12\/879_katalog_tuchst\u00fctzrohr_Schiene_LED_ohne_tracfix.png 2000w\" sizes=\"auto, (max-width: 300px) 100vw, 300px\" \/><\/a>\n\t\t\t<\/dt>\n\t\t\t\t<dd class='wp-caption-text gallery-caption' id='gallery-1-116'>\n\t\t\t\tm-77x\/78x\n\t\t\t\t<\/dd><\/dl><dl class='gallery-item'>\n\t\t\t<dt class='gallery-icon portrait'>\n\t\t\t\t<a href='https:\/\/kramer-produkt-design.de\/wp-content\/uploads\/2017\/12\/876_katalog_totale_gr2.jpg'><img loading=\"lazy\" decoding=\"async\" width=\"183\" height=\"300\" src=\"https:\/\/kramer-produkt-design.de\/wp-content\/uploads\/2017\/12\/876_katalog_totale_gr2-183x300.jpg\" class=\"attachment-medium size-medium\" alt=\"\" aria-describedby=\"gallery-1-124\" srcset=\"https:\/\/kramer-produkt-design.de\/wp-content\/uploads\/2017\/12\/876_katalog_totale_gr2-183x300.jpg 183w, https:\/\/kramer-produkt-design.de\/wp-content\/uploads\/2017\/12\/876_katalog_totale_gr2-768x1258.jpg 768w, https:\/\/kramer-produkt-design.de\/wp-content\/uploads\/2017\/12\/876_katalog_totale_gr2-625x1024.jpg 625w, https:\/\/kramer-produkt-design.de\/wp-content\/uploads\/2017\/12\/876_katalog_totale_gr2-973x1594.jpg 973w, https:\/\/kramer-produkt-design.de\/wp-content\/uploads\/2017\/12\/876_katalog_totale_gr2-508x832.jpg 508w, https:\/\/kramer-produkt-design.de\/wp-content\/uploads\/2017\/12\/876_katalog_totale_gr2.jpg 1526w\" sizes=\"auto, (max-width: 183px) 100vw, 183px\" \/><\/a>\n\t\t\t<\/dt>\n\t\t\t\t<dd class='wp-caption-text gallery-caption' id='gallery-1-124'>\n\t\t\t\tm-77x\/78x\n\t\t\t\t<\/dd><\/dl><br style=\"clear: both\" \/>\n\t\t<\/div>\n\n<p><a href=\"https:\/\/kramer-produkt-design.de\/wp-content\/uploads\/2017\/12\/16-12-19-m-77x-78x.pdf\">mehr Info zu m-77x-78x<\/a><\/p>","protected":false},"excerpt":{"rendered":"<p>Die markilux Serie 77x \/ 87x \u00a0wird als Sonnen-, Sicht- und Blendschutz f\u00fcr Glas\u00fcberdachungen (Auf- und Unterglasmarkisen) und als Fenstermarkise f\u00fcr sehr gro\u00dfe Fl\u00e4chen (bis zu 24 m\u00b2)&#8230;<\/p>\n","protected":false},"author":1,"featured_media":839,"comment_status":"closed","ping_status":"closed","sticky":false,"template":"","format":"standard","meta":{"footnotes":""},"categories":[5,4,8,6,7,1],"tags":[],"class_list":["post-86","post","type-post","status-publish","format-standard","has-post-thumbnail","hentry","category-ausgezeichnete-produkte","category-beschattung","category-blog","category-im-handel","category-news","category-uncategorized"],"_links":{"self":[{"href":"https:\/\/kramer-produkt-design.de\/index.php?rest_route=\/wp\/v2\/posts\/86","targetHints":{"allow":["GET"]}}],"collection":[{"href":"https:\/\/kramer-produkt-design.de\/index.php?rest_route=\/wp\/v2\/posts"}],"about":[{"href":"https:\/\/kramer-produkt-design.de\/index.php?rest_route=\/wp\/v2\/types\/post"}],"author":[{"embeddable":true,"href":"https:\/\/kramer-produkt-design.de\/index.php?rest_route=\/wp\/v2\/users\/1"}],"replies":[{"embeddable":true,"href":"https:\/\/kramer-produkt-design.de\/index.php?rest_route=%2Fwp%2Fv2%2Fcomments&post=86"}],"version-history":[{"count":7,"href":"https:\/\/kramer-produkt-design.de\/index.php?rest_route=\/wp\/v2\/posts\/86\/revisions"}],"predecessor-version":[{"id":1646,"href":"https:\/\/kramer-produkt-design.de\/index.php?rest_route=\/wp\/v2\/posts\/86\/revisions\/1646"}],"wp:featuredmedia":[{"embeddable":true,"href":"https:\/\/kramer-produkt-design.de\/index.php?rest_route=\/wp\/v2\/media\/839"}],"wp:attachment":[{"href":"https:\/\/kramer-produkt-design.de\/index.php?rest_route=%2Fwp%2Fv2%2Fmedia&parent=86"}],"wp:term":[{"taxonomy":"category","embeddable":true,"href":"https:\/\/kramer-produkt-design.de\/index.php?rest_route=%2Fwp%2Fv2%2Fcategories&post=86"},{"taxonomy":"post_tag","embeddable":true,"href":"https:\/\/kramer-produkt-design.de\/index.php?rest_route=%2Fwp%2Fv2%2Ftags&post=86"}],"curies":[{"name":"wp","href":"https:\/\/api.w.org\/{rel}","templated":true}]}}